{"id":14549,"date":"2025-08-09T01:54:27","date_gmt":"2025-08-09T01:54:27","guid":{"rendered":"https:\/\/infozamoraec.com\/?p=14549"},"modified":"2025-08-09T01:54:27","modified_gmt":"2025-08-09T01:54:27","slug":"cc-admite-a-tramite-doce-demandas-de-inconstitucionalidad-a-tres-leyes-urgentes","status":"publish","type":"post","link":"https:\/\/infozamoraec.com\/index.php\/2025\/08\/09\/cc-admite-a-tramite-doce-demandas-de-inconstitucionalidad-a-tres-leyes-urgentes\/","title":{"rendered":"CC admite a tr\u00e1mite doce demandas de inconstitucionalidad a tres leyes urgentes"},"content":{"rendered":"<p>Seg\u00fan inform\u00f3 el organismo, la Corte Constitucional (CC) admiti\u00f3 a tr\u00e1mite nueve demandas de inconstitucionalidad en contra de la Ley Org\u00e1nica de Integridad P\u00fablica, dos demandas en contra de la Ley de Solidaridad Nacional y una en contra de la Ley Org\u00e1nica de Inteligencia, que se aprobaron en la Asamblea Nacional y est\u00e1n vigentes en el pa\u00eds.<\/p>\n<p>Los sorteos de las salas para verificar los tr\u00e1mites dentro de la CC se decidieron entre el 7 y el 8 de agosto de 2025.<\/p>\n<p>El organismo ya enviar\u00e1 la notificaci\u00f3n a la Asamblea Nacional, a la Presidencia de la Rep\u00fablica y a la Procuradur\u00eda General para que, en el t\u00e9rmino de quince d\u00edas, contados desde la notificaci\u00f3n del auto, intervengan defendiendo o impugnando la constitucionalidad de las normas impugnadas.<\/p>\n<p>Sin embargo, dos demandas en contra de la Ley de Integridad P\u00fablica fueron inadmitidas. Los recursos fueron presentados por la Federacion Nacional de Servidores Universitarios y Politecnicos del Ecuador y por la ciudadana Blanca Mariella Z\u00fa\u00f1iga Suarez.<\/p>\n<p>Las acciones de inconstitucionalidad aceptadas por la Corte Constitucional, en contra de la Ley de Integridad P\u00fablica, las presentaron:<\/p>\n<p>El abogado Adolfo Fernando Espinel<br \/>\nEl Movimiento Unidad Popular y su director nacional, Geovanni Atarihuana<br \/>\nEl Frente Popular, el Frente Unitario de Trabajadores (FUT), la Federaci\u00f3n de Estudiantes Universitarios (FEUE), la Federaci\u00f3n de Estudiantes Secundarios (FESE) y otras organizaciones<br \/>\nEl Colectivo Sindical Parlamento Laboral Ecuatoriano (PLE)<br \/>\nEl abogado Carlos Andr\u00e9s Maldonado Rogel y tres juristas m\u00e1s<br \/>\nLa Confederaci\u00f3n Sindical de Trabajadoras y Trabajadores del Ecuador (CSE)<br \/>\nEl abogado Andres Rodrigo Cadena Romero<br \/>\nEl Colectivo Fiscal\u00eda Unida y la Asociaci\u00f3n de Funcionarios de la Fiscal\u00eda General del Estado<br \/>\nLa Asociacion de Agentes Civiles de Transito de Ambato<br \/>\nLas acciones contra la Ley de Solidaridad Nacional fueron ingresadas por:<\/p>\n<p>La Fundaci\u00f3n Regional de Asesor\u00eda de Derechos Humanos (Inredh)<br \/>\nEl Colegio de Abogados de Pichincha<br \/>\nContra la Ley de Inteligencia se admiti\u00f3 la acci\u00f3n presentada por siete organizaciones sindicales, como la Confederaci\u00f3n Ecuatoriana de Organizaciones Sindicales Libres (Ceosl), el Frente Unitario de Trabajadores (FUT), el Frente Popular, la Uni\u00f3n Nacional de Educadores (UNE) y otras.<\/p>\n","protected":false},"excerpt":{"rendered":"<p>Seg\u00fan inform\u00f3 el organismo, la Corte Constitucional (CC) admiti\u00f3 a tr\u00e1mite nueve demandas de inconstitucionalidad en contra de la Ley Org\u00e1nica de Integridad P\u00fablica, dos demandas en contra de la Ley de Solidaridad Nacional y una en contra de la Ley Org\u00e1nica de Inteligencia, que se aprobaron en la Asamblea Nacional y est\u00e1n vigentes en [&hellip;]<\/p>\n","protected":false},"author":1,"featured_media":14550,"comment_status":"open","ping_status":"open","sticky":false,"template":"","format":"standard","meta":{"footnotes":""},"categories":[12],"tags":[],"_links":{"self":[{"href":"https:\/\/infozamoraec.com\/index.php\/wp-json\/wp\/v2\/posts\/14549"}],"collection":[{"href":"https:\/\/infozamoraec.com\/index.php\/wp-json\/wp\/v2\/posts"}],"about":[{"href":"https:\/\/infozamoraec.com\/index.php\/wp-json\/wp\/v2\/types\/post"}],"author":[{"embeddable":true,"href":"https:\/\/infozamoraec.com\/index.php\/wp-json\/wp\/v2\/users\/1"}],"replies":[{"embeddable":true,"href":"https:\/\/infozamoraec.com\/index.php\/wp-json\/wp\/v2\/comments?post=14549"}],"version-history":[{"count":1,"href":"https:\/\/infozamoraec.com\/index.php\/wp-json\/wp\/v2\/posts\/14549\/revisions"}],"predecessor-version":[{"id":14551,"href":"https:\/\/infozamoraec.com\/index.php\/wp-json\/wp\/v2\/posts\/14549\/revisions\/14551"}],"wp:featuredmedia":[{"embeddable":true,"href":"https:\/\/infozamoraec.com\/index.php\/wp-json\/wp\/v2\/media\/14550"}],"wp:attachment":[{"href":"https:\/\/infozamoraec.com\/index.php\/wp-json\/wp\/v2\/media?parent=14549"}],"wp:term":[{"taxonomy":"category","embeddable":true,"href":"https:\/\/infozamoraec.com\/index.php\/wp-json\/wp\/v2\/categories?post=14549"},{"taxonomy":"post_tag","embeddable":true,"href":"https:\/\/infozamoraec.com\/index.php\/wp-json\/wp\/v2\/tags?post=14549"}],"curies":[{"name":"wp","href":"https:\/\/api.w.org\/{rel}","templated":true}]}}