{"id":14546,"date":"2025-08-09T01:51:16","date_gmt":"2025-08-09T01:51:16","guid":{"rendered":"https:\/\/infozamoraec.com\/?p=14546"},"modified":"2025-08-09T01:51:16","modified_gmt":"2025-08-09T01:51:16","slug":"gdos-ecuatorianos-son-un-peligro-para-ee-uu-dice-rubio","status":"publish","type":"post","link":"https:\/\/infozamoraec.com\/index.php\/2025\/08\/09\/gdos-ecuatorianos-son-un-peligro-para-ee-uu-dice-rubio\/","title":{"rendered":"GDOs ecuatorianos \u00abson un peligro para EE.UU.\u00bb dice Rubio"},"content":{"rendered":"<p>El secretario de Estado de Estados Unidos,\u00a0<strong><a title=\"Marco Rubio\" href=\"https:\/\/x.com\/SecRubio\" target=\"_blank\" rel=\"noopener\">Marco Rubio<\/a><\/strong>\u00a0dice que los carteles de Latinoam\u00e9rica, incluyendo los de Ecuador, son un peligro para\u00a0<strong><a title=\"Estados Unidos\" href=\"https:\/\/www.larepublica.ec\/blog\/2025\/08\/08\/mas-de-un-millon-de-migrantes-han-salido-voluntariamente-de-ee-uu-dice-kristi-noem\/\" target=\"_blank\" rel=\"noopener\">Estados Unidos<\/a>.<\/strong><\/p>\n<p>Para el espacio\u00a0<strong>\u2018The World Over\u2019 del medio EWTN<\/strong>, Rubio dijo que<strong>\u00a0estas organizaciones criminales no hay que tratarlas solo como bandas del narcotr\u00e1fico<\/strong>, porque en muchas ocasiones tienen ej\u00e9rcitos bien formados<strong>\u00a0y el acceso a armas que usan los terroristas.\u00a0<\/strong><\/p>\n<p>Adem\u00e1s, Rubio vincul\u00f3 a los grupos de delicuencia organizada de Ecuador con los c\u00e1rteles mexicanos y con alianzas con Nicol\u00e1s Maduro.<\/p>\n<p>\u00abEstos c<strong>arteles van desde la empresa criminal del r\u00e9gimen de Maduro (cartel de los Soles) hasta los carteles que operan en M\u00e9xico.<\/strong>\u00a0Los encuentras en<strong>\u00a0Ecuador, Guatemala (\u2026) son muy organizados<\/strong>\u00a0y tienen sus v\u00ednculos claros\u00bb, dijo Rubio.<\/p>\n<p>Tmbi\u00e9n habl\u00f3 de la banda trasnacional de origen venezolano<strong>\u00a0Tren de Aragua y a la pandilla salvadore\u00f1a Mara Salvatrucha (MS-13).<\/strong>\u00a0(I)<\/p>\n","protected":false},"excerpt":{"rendered":"<p>El secretario de Estado de Estados Unidos,\u00a0Marco Rubio\u00a0dice que los carteles de Latinoam\u00e9rica, incluyendo los de Ecuador, son un peligro para\u00a0Estados Unidos. Para el espacio\u00a0\u2018The World Over\u2019 del medio EWTN, Rubio dijo que\u00a0estas organizaciones criminales no hay que tratarlas solo como bandas del narcotr\u00e1fico, porque en muchas ocasiones tienen ej\u00e9rcitos bien formados\u00a0y el acceso a [&hellip;]<\/p>\n","protected":false},"author":1,"featured_media":14547,"comment_status":"open","ping_status":"open","sticky":false,"template":"","format":"standard","meta":{"footnotes":""},"categories":[12],"tags":[],"_links":{"self":[{"href":"https:\/\/infozamoraec.com\/index.php\/wp-json\/wp\/v2\/posts\/14546"}],"collection":[{"href":"https:\/\/infozamoraec.com\/index.php\/wp-json\/wp\/v2\/posts"}],"about":[{"href":"https:\/\/infozamoraec.com\/index.php\/wp-json\/wp\/v2\/types\/post"}],"author":[{"embeddable":true,"href":"https:\/\/infozamoraec.com\/index.php\/wp-json\/wp\/v2\/users\/1"}],"replies":[{"embeddable":true,"href":"https:\/\/infozamoraec.com\/index.php\/wp-json\/wp\/v2\/comments?post=14546"}],"version-history":[{"count":1,"href":"https:\/\/infozamoraec.com\/index.php\/wp-json\/wp\/v2\/posts\/14546\/revisions"}],"predecessor-version":[{"id":14548,"href":"https:\/\/infozamoraec.com\/index.php\/wp-json\/wp\/v2\/posts\/14546\/revisions\/14548"}],"wp:featuredmedia":[{"embeddable":true,"href":"https:\/\/infozamoraec.com\/index.php\/wp-json\/wp\/v2\/media\/14547"}],"wp:attachment":[{"href":"https:\/\/infozamoraec.com\/index.php\/wp-json\/wp\/v2\/media?parent=14546"}],"wp:term":[{"taxonomy":"category","embeddable":true,"href":"https:\/\/infozamoraec.com\/index.php\/wp-json\/wp\/v2\/categories?post=14546"},{"taxonomy":"post_tag","embeddable":true,"href":"https:\/\/infozamoraec.com\/index.php\/wp-json\/wp\/v2\/tags?post=14546"}],"curies":[{"name":"wp","href":"https:\/\/api.w.org\/{rel}","templated":true}]}}