{"id":14543,"date":"2025-08-09T01:48:45","date_gmt":"2025-08-09T01:48:45","guid":{"rendered":"https:\/\/infozamoraec.com\/?p=14543"},"modified":"2025-08-09T01:48:45","modified_gmt":"2025-08-09T01:48:45","slug":"acuerdo-interinstitucional-para-rehabilitar-la-pista-del-aeropuerto-de-santa-rosa","status":"publish","type":"post","link":"https:\/\/infozamoraec.com\/index.php\/2025\/08\/09\/acuerdo-interinstitucional-para-rehabilitar-la-pista-del-aeropuerto-de-santa-rosa\/","title":{"rendered":"Acuerdo interinstitucional para rehabilitar la pista del Aeropuerto de Santa Rosa"},"content":{"rendered":"<p class=\"prose-text\" style=\"text-align: justify; line-height: 115%;\"><span lang=\"ES-EC\" style=\"font-size: 11.0pt; line-height: 115%; font-family: 'Arial',sans-serif;\">El Aeropuerto Regional de Santa Rosa se prepara para una importante modernizaci\u00f3n. El Gobierno Nacional promueve la conectividad a\u00e9rea, a trav\u00e9s de la Direcci\u00f3n General de Aviaci\u00f3n Civil (DGAC) y la Prefectura de El Oro suscribieron un convenio clave para la rehabilitaci\u00f3n de su pista, una obra que busca fortalecer la conectividad y beneficiar\u00e1 a m\u00e1s de 500,000 usuarios en el sur del pa\u00eds.<\/span><\/p>\n<p class=\"prose-text\" style=\"text-align: justify; line-height: 115%;\"><span lang=\"ES-EC\" style=\"font-size: 11.0pt; line-height: 115%; font-family: 'Arial',sans-serif;\">El acuerdo, impulsado por el Ministerio de Transporte y Obras P\u00fablicas (MTOP), contempla la intervenci\u00f3n de 17,000 metros cuadrados de la pista. \u00abEsta obra, a m\u00e1s de mejorar las condiciones de la terminal a\u00e9rea, fortalece la conectividad de los Orenses\u00bb, afirm\u00f3 Patricia Chiriboga, subsecretaria de Transporte A\u00e9reo, quien particip\u00f3 del evento de la firma. <\/span><\/p>\n<p class=\"prose-text\" style=\"text-align: justify; line-height: 115%;\"><span lang=\"ES-EC\" style=\"font-size: 11.0pt; line-height: 115%; font-family: 'Arial',sans-serif;\">La obra genera expectativas positivas en el sector a\u00e9reo. Manuel Rodr\u00edguez, gerente general de Aeroregional en Ecuador, adelant\u00f3 que la aerol\u00ednea eval\u00faa incrementar sus frecuencias de vuelo pr\u00f3ximamente hacia la provincia. <\/span><\/p>\n<p class=\"prose-text\" style=\"text-align: justify; line-height: 115%;\"><span lang=\"ES-EC\" style=\"font-size: 11.0pt; line-height: 115%; font-family: 'Arial',sans-serif;\">Por su parte el prefecto de El Oro Clemente Bravo destac\u00f3 la articulaci\u00f3n institucional. Asimismo, el director general de Aviaci\u00f3n Civil, Juan Pablo Franco sostuvo que esta intervenci\u00f3n facilitar\u00e1 la conectividad a\u00e9rea de los orenses. Esta perspectiva fue celebrada por usuarios quienes se mostraron satisfechos por el mantenimiento que se realizar\u00e1 en el aeropuerto. <\/span><\/p>\n<p class=\"prose-text\" style=\"text-align: justify; line-height: 115%;\"><span lang=\"ES-EC\" style=\"font-size: 11.0pt; line-height: 115%; font-family: 'Arial',sans-serif;\">El MTOP promueve acciones y promueve el trabajo coordinado con los distintos entes del transporte a\u00e9reo con el objetivo de atender las necesidades de la poblaci\u00f3n y fortalecer la conectividad. <\/span><\/p>\n","protected":false},"excerpt":{"rendered":"<p>El Aeropuerto Regional de Santa Rosa se prepara para una importante modernizaci\u00f3n. El Gobierno Nacional promueve la conectividad a\u00e9rea, a trav\u00e9s de la Direcci\u00f3n General de Aviaci\u00f3n Civil (DGAC) y la Prefectura de El Oro suscribieron un convenio clave para la rehabilitaci\u00f3n de su pista, una obra que busca fortalecer la conectividad y beneficiar\u00e1 a [&hellip;]<\/p>\n","protected":false},"author":1,"featured_media":14544,"comment_status":"open","ping_status":"open","sticky":false,"template":"","format":"standard","meta":{"footnotes":""},"categories":[12],"tags":[],"_links":{"self":[{"href":"https:\/\/infozamoraec.com\/index.php\/wp-json\/wp\/v2\/posts\/14543"}],"collection":[{"href":"https:\/\/infozamoraec.com\/index.php\/wp-json\/wp\/v2\/posts"}],"about":[{"href":"https:\/\/infozamoraec.com\/index.php\/wp-json\/wp\/v2\/types\/post"}],"author":[{"embeddable":true,"href":"https:\/\/infozamoraec.com\/index.php\/wp-json\/wp\/v2\/users\/1"}],"replies":[{"embeddable":true,"href":"https:\/\/infozamoraec.com\/index.php\/wp-json\/wp\/v2\/comments?post=14543"}],"version-history":[{"count":1,"href":"https:\/\/infozamoraec.com\/index.php\/wp-json\/wp\/v2\/posts\/14543\/revisions"}],"predecessor-version":[{"id":14545,"href":"https:\/\/infozamoraec.com\/index.php\/wp-json\/wp\/v2\/posts\/14543\/revisions\/14545"}],"wp:featuredmedia":[{"embeddable":true,"href":"https:\/\/infozamoraec.com\/index.php\/wp-json\/wp\/v2\/media\/14544"}],"wp:attachment":[{"href":"https:\/\/infozamoraec.com\/index.php\/wp-json\/wp\/v2\/media?parent=14543"}],"wp:term":[{"taxonomy":"category","embeddable":true,"href":"https:\/\/infozamoraec.com\/index.php\/wp-json\/wp\/v2\/categories?post=14543"},{"taxonomy":"post_tag","embeddable":true,"href":"https:\/\/infozamoraec.com\/index.php\/wp-json\/wp\/v2\/tags?post=14543"}],"curies":[{"name":"wp","href":"https:\/\/api.w.org\/{rel}","templated":true}]}}