{"id":1452,"date":"2024-03-07T00:39:42","date_gmt":"2024-03-07T00:39:42","guid":{"rendered":"https:\/\/infozamoraec.com\/?p=1452"},"modified":"2024-03-07T00:39:42","modified_gmt":"2024-03-07T00:39:42","slug":"candidato-del-chavismo-en-venezuela-saldra-por-consenso","status":"publish","type":"post","link":"https:\/\/infozamoraec.com\/index.php\/2024\/03\/07\/candidato-del-chavismo-en-venezuela-saldra-por-consenso\/","title":{"rendered":"Candidato del chavismo en Venezuela saldr\u00e1 por \u201cconsenso\u201d"},"content":{"rendered":"<p>El chavismo iniciar\u00e1 un proceso de consultas con sus bases para escoger al candidato a las\u00a0<a class=\"internal-link\" href=\"https:\/\/www.dw.com\/es\/elecciones-presidenciales-de-venezuela-ser%C3%A1n-el-28-de-julio\/a-68449063\" target=\"_blank\" rel=\"noopener\">elecciones presidenciales del pr\u00f3ximo 28 de julio<\/a>, inform\u00f3 este mi\u00e9rcoles (06.03.2024) el gobernante Partido Socialista Unido de\u00a0<a class=\"internal-link\" href=\"https:\/\/www.dw.com\/es\/venezuela-cancela-distribuci%C3%B3n-de-programas-de-dw-por-cable\/a-68446279\" target=\"_blank\" rel=\"noopener\">Venezuela<\/a>\u00a0(PSUV), que recientemente manifest\u00f3 su respaldo a una posible aspiraci\u00f3n del mandatario Nicol\u00e1s Maduro.<\/p>\n<p>El primer vicepresidente de la formaci\u00f3n, Diosdado Cabello, considerado n\u00famero dos del chavismo, explic\u00f3 que, del jueves 7 al s\u00e1bado 9 de marzo, distintas estructuras del partido en todo el pa\u00eds se reunir\u00e1n para escoger, por consenso, un candidato a los venideros comicios, y las decisiones que se tomen en estos encuentros deber\u00e1n ser recogidas en actas.<\/p>\n<p>Estos d\u00edas, \u00ablas calles, las comunidades y las UBCh (Unidades de Batalla Bol\u00edvar-Ch\u00e1vez) har\u00e1n su propuesta desde las bases, en una demostraci\u00f3n de democracia interna, de qui\u00e9n ser\u00e1 su candidato para las elecciones\u00bb, dijo Cabello.<\/p>\n<p>El tambi\u00e9n diputado se\u00f1al\u00f3 que las actas ser\u00e1n recogidas el domingo 10 de marzo, para que el d\u00eda siguiente los equipos regionales y locales se re\u00fanan a \u00abratificar el consenso propuesto por las bases\u00bb.<\/p>\n<h2>\u00abM\u00e1s unidos que nunca\u00bb<\/h2>\n<p>En este sentido, dijo no tener \u00abninguna duda\u00bb de que la decisi\u00f3n ser\u00e1 \u00abpor consenso\u00bb y que las bases son conscientes del \u00abesfuerzo tit\u00e1nico que ha venido haciendo\u00bb el presidente Maduro, \u00abcombatiendo ataques, sanciones, bloqueos, y llevando a este pueblo a la victoria\u00bb, sin importar \u00abel adversario o el enemigo\u00bb.<\/p>\n<p>\u00abAqu\u00ed va a participar toda la militancia de nuestro partido en una decisi\u00f3n hist\u00f3rica, de aqu\u00ed tenemos que salir m\u00e1s fortalecidos, m\u00e1s unidos que nunca, listos y dispuestos para dar las batallas que tengamos que dar y salir vencedores. El 28 (de julio) es una batalla fundamental\u00bb, expres\u00f3.<\/p>\n<p>Cabello detall\u00f3 que el 15 de marzo, el Congreso del PSUV, la \u00ab\u00faltima instancia de direcci\u00f3n del partido\u00bb, tiene previsto un encuentro para \u00abratificar la propuesta hecha por las bases\u00bb.<\/p>\n<p>\u00abEstamos listos para la victoria, para dar la batalla en el campo electoral. (&#8230;) Yo estoy cada d\u00eda m\u00e1s convencido de que, pase lo que pase, nosotros venceremos\u00bb, agreg\u00f3.<\/p>\n<h2>Candidata de la oposici\u00f3n sigue inhabilitada<\/h2>\n<p>De ser el candidato,\u00a0<a class=\"internal-link\" href=\"https:\/\/www.dw.com\/es\/maduro-acusa-a-milei-de-robar-avi%C3%B3n-decomisado-en-argentina\/a-68271316\" target=\"_blank\" rel=\"noopener\">Nicol\u00e1s Maduro<\/a>\u00a0competir\u00eda para su segunda reelecci\u00f3n para gobernar por otro sexenio, tras la lograda en 2018 en unas presidenciales cuestionadas por la oposici\u00f3n y la comunidad internacional.<\/p>\n<p>Por parte de la oposici\u00f3n, la elegida por la mayor\u00eda en las primarias de octubre de 2023,\u00a0<a class=\"internal-link\" href=\"https:\/\/www.dw.com\/es\/machado-mar%C3%ADa-corina\/t-42526133\" target=\"_blank\" rel=\"noopener\">Mar\u00eda Corina Machado<\/a>, contin\u00faa inhabilitada para ocupar cargos p\u00fablicos de elecci\u00f3n popular y, por tanto, para postularse a los pr\u00f3ximos comicios.<\/p>\n<p>mg (efe, afp)<\/p>\n","protected":false},"excerpt":{"rendered":"<p>El chavismo iniciar\u00e1 un proceso de consultas con sus bases para escoger al candidato a las\u00a0elecciones presidenciales del pr\u00f3ximo 28 de julio, inform\u00f3 este mi\u00e9rcoles (06.03.2024) el gobernante Partido Socialista Unido de\u00a0Venezuela\u00a0(PSUV), que recientemente manifest\u00f3 su respaldo a una posible aspiraci\u00f3n del mandatario Nicol\u00e1s Maduro. El primer vicepresidente de la formaci\u00f3n, Diosdado Cabello, considerado n\u00famero [&hellip;]<\/p>\n","protected":false},"author":1,"featured_media":1457,"comment_status":"open","ping_status":"open","sticky":false,"template":"","format":"standard","meta":{"footnotes":""},"categories":[8],"tags":[],"_links":{"self":[{"href":"https:\/\/infozamoraec.com\/index.php\/wp-json\/wp\/v2\/posts\/1452"}],"collection":[{"href":"https:\/\/infozamoraec.com\/index.php\/wp-json\/wp\/v2\/posts"}],"about":[{"href":"https:\/\/infozamoraec.com\/index.php\/wp-json\/wp\/v2\/types\/post"}],"author":[{"embeddable":true,"href":"https:\/\/infozamoraec.com\/index.php\/wp-json\/wp\/v2\/users\/1"}],"replies":[{"embeddable":true,"href":"https:\/\/infozamoraec.com\/index.php\/wp-json\/wp\/v2\/comments?post=1452"}],"version-history":[{"count":1,"href":"https:\/\/infozamoraec.com\/index.php\/wp-json\/wp\/v2\/posts\/1452\/revisions"}],"predecessor-version":[{"id":1458,"href":"https:\/\/infozamoraec.com\/index.php\/wp-json\/wp\/v2\/posts\/1452\/revisions\/1458"}],"wp:featuredmedia":[{"embeddable":true,"href":"https:\/\/infozamoraec.com\/index.php\/wp-json\/wp\/v2\/media\/1457"}],"wp:attachment":[{"href":"https:\/\/infozamoraec.com\/index.php\/wp-json\/wp\/v2\/media?parent=1452"}],"wp:term":[{"taxonomy":"category","embeddable":true,"href":"https:\/\/infozamoraec.com\/index.php\/wp-json\/wp\/v2\/categories?post=1452"},{"taxonomy":"post_tag","embeddable":true,"href":"https:\/\/infozamoraec.com\/index.php\/wp-json\/wp\/v2\/tags?post=1452"}],"curies":[{"name":"wp","href":"https:\/\/api.w.org\/{rel}","templated":true}]}}