{"id":1428,"date":"2024-03-05T16:18:07","date_gmt":"2024-03-05T16:18:07","guid":{"rendered":"https:\/\/infozamoraec.com\/?p=1428"},"modified":"2024-03-05T16:18:07","modified_gmt":"2024-03-05T16:18:07","slug":"facebook-e-instagram-sufren-caida-mundial","status":"publish","type":"post","link":"https:\/\/infozamoraec.com\/index.php\/2024\/03\/05\/facebook-e-instagram-sufren-caida-mundial\/","title":{"rendered":"Facebook e Instagram sufren ca\u00edda mundial"},"content":{"rendered":"<p>Instagram y Facebook, las populares redes sociales propiedad de Meta, est\u00e1n experimentando problemas t\u00e9cnicos que afectan a numerosos usuarios. A partir de las 16:00 horas (Espa\u00f1a), ambas plataformas han comenzado a presentar fallas, seg\u00fan informes de Downdetector. Hasta el momento, Meta no ha dado detalles sobre la causa de esta interrupci\u00f3n en Instagram y Facebook.<\/p>\n<p>Usuarios han expresado dificultades para enviar mensajes directos en Instagram, as\u00ed como problemas de carga de publicaciones y stories. Muchos se han quejado de recibir un mensaje de error indicando que no pueden actualizar su feed. Estos inconvenientes se extienden tanto a la aplicaci\u00f3n m\u00f3vil como a la versi\u00f3n web de Instagram.<\/p>\n<p>En el caso de Facebook, se han reportado problemas de inicio de sesi\u00f3n tanto en la versi\u00f3n web como en la app. Aunque WhatsApp parece no verse afectado por esta ca\u00edda, Meta a\u00fan no ha emitido ning\u00fan comunicado oficial al respecto.<\/p>\n<p>A pesar de que la p\u00e1gina web de Meta muestra que sus servicios est\u00e1n operativos, excepto una herramienta para desarrolladores relacionada con la API de WhatsApp Business, la compa\u00f1\u00eda no ha abordado p\u00fablicamente los problemas en Instagram y Facebook. Es probable que Meta est\u00e9 al tanto de la situaci\u00f3n y trabajando en una soluci\u00f3n, aunque no se ha especificado cu\u00e1ndo se restablecer\u00e1 completamente el funcionamiento normal de ambas plataformas.<\/p>\n","protected":false},"excerpt":{"rendered":"<p>Instagram y Facebook, las populares redes sociales propiedad de Meta, est\u00e1n experimentando problemas t\u00e9cnicos que afectan a numerosos usuarios. A partir de las 16:00 horas (Espa\u00f1a), ambas plataformas han comenzado a presentar fallas, seg\u00fan informes de Downdetector. Hasta el momento, Meta no ha dado detalles sobre la causa de esta interrupci\u00f3n en Instagram y Facebook. [&hellip;]<\/p>\n","protected":false},"author":1,"featured_media":1430,"comment_status":"open","ping_status":"open","sticky":false,"template":"","format":"standard","meta":{"footnotes":""},"categories":[8,13],"tags":[],"_links":{"self":[{"href":"https:\/\/infozamoraec.com\/index.php\/wp-json\/wp\/v2\/posts\/1428"}],"collection":[{"href":"https:\/\/infozamoraec.com\/index.php\/wp-json\/wp\/v2\/posts"}],"about":[{"href":"https:\/\/infozamoraec.com\/index.php\/wp-json\/wp\/v2\/types\/post"}],"author":[{"embeddable":true,"href":"https:\/\/infozamoraec.com\/index.php\/wp-json\/wp\/v2\/users\/1"}],"replies":[{"embeddable":true,"href":"https:\/\/infozamoraec.com\/index.php\/wp-json\/wp\/v2\/comments?post=1428"}],"version-history":[{"count":1,"href":"https:\/\/infozamoraec.com\/index.php\/wp-json\/wp\/v2\/posts\/1428\/revisions"}],"predecessor-version":[{"id":1431,"href":"https:\/\/infozamoraec.com\/index.php\/wp-json\/wp\/v2\/posts\/1428\/revisions\/1431"}],"wp:featuredmedia":[{"embeddable":true,"href":"https:\/\/infozamoraec.com\/index.php\/wp-json\/wp\/v2\/media\/1430"}],"wp:attachment":[{"href":"https:\/\/infozamoraec.com\/index.php\/wp-json\/wp\/v2\/media?parent=1428"}],"wp:term":[{"taxonomy":"category","embeddable":true,"href":"https:\/\/infozamoraec.com\/index.php\/wp-json\/wp\/v2\/categories?post=1428"},{"taxonomy":"post_tag","embeddable":true,"href":"https:\/\/infozamoraec.com\/index.php\/wp-json\/wp\/v2\/tags?post=1428"}],"curies":[{"name":"wp","href":"https:\/\/api.w.org\/{rel}","templated":true}]}}