{"id":14021,"date":"2025-07-22T01:58:49","date_gmt":"2025-07-22T01:58:49","guid":{"rendered":"https:\/\/infozamoraec.com\/?p=14021"},"modified":"2025-07-22T01:58:49","modified_gmt":"2025-07-22T01:58:49","slug":"asi-fue-el-encuentro-entre-shakira-y-lele-pons-hablaron-de-sus-experiencias-amorosas","status":"publish","type":"post","link":"https:\/\/infozamoraec.com\/index.php\/2025\/07\/22\/asi-fue-el-encuentro-entre-shakira-y-lele-pons-hablaron-de-sus-experiencias-amorosas\/","title":{"rendered":"As\u00ed fue el encuentro entre Shakira y Lele Pons: hablaron de sus experiencias amorosas"},"content":{"rendered":"<p>Shakira comparti\u00f3 a sus m\u00e1s de 90 millones de seguidores en su cuenta de Instagram un divertido video junto a la influenciadora Lele Pons, que siempre ha demostrado su admiraci\u00f3n por la colombiana. En el clip, se ve a las dos arregl\u00e1ndose las u\u00f1as, mientras hablan del m\u00e1s reciente \u00e1lbum de la barranquillera,\u00a0<i>Las Mujeres Ya No Lloran<\/i>, con el que pronto saldr\u00e1 de gira por Estados Unidos.<\/p>\n<p>Mientras que la joven venezolana le confiesa a la artista que\u00a0<i>Nassau, \u2018Como, D\u00f3nde y Cu\u00e1ndo y \u00daltima<\/i>\u00a0son sus canciones favoritas del disco, indicando con humor que le gustar\u00eda terminar su relaci\u00f3n con su esposo para dedicarle\u00a0<i>\u00daltima<\/i>, tema que la cantante dedic\u00f3 a su expareja, Gerard Piqu\u00e9.<\/p>\n<p>Durante la conversaci\u00f3n, los comentarios hacia el g\u00e9nero masculino no faltaron. Shakira anot\u00f3 que ser\u00eda bueno que los hombres tambi\u00e9n lloraran un poquito. Agreg\u00f3 que\u00a0<i>Nassau<\/i>\u00a0es el tema preferido de su hijo mayor, Milan. Igualmente, dej\u00f3 en evidencia su incre\u00edble flexibilidad, asombrando a la creadora de contenido.<\/p>\n","protected":false},"excerpt":{"rendered":"<p>Shakira comparti\u00f3 a sus m\u00e1s de 90 millones de seguidores en su cuenta de Instagram un divertido video junto a la influenciadora Lele Pons, que siempre ha demostrado su admiraci\u00f3n por la colombiana. En el clip, se ve a las dos arregl\u00e1ndose las u\u00f1as, mientras hablan del m\u00e1s reciente \u00e1lbum de la barranquillera,\u00a0Las Mujeres Ya [&hellip;]<\/p>\n","protected":false},"author":1,"featured_media":14022,"comment_status":"open","ping_status":"open","sticky":false,"template":"","format":"standard","meta":{"footnotes":""},"categories":[44],"tags":[],"_links":{"self":[{"href":"https:\/\/infozamoraec.com\/index.php\/wp-json\/wp\/v2\/posts\/14021"}],"collection":[{"href":"https:\/\/infozamoraec.com\/index.php\/wp-json\/wp\/v2\/posts"}],"about":[{"href":"https:\/\/infozamoraec.com\/index.php\/wp-json\/wp\/v2\/types\/post"}],"author":[{"embeddable":true,"href":"https:\/\/infozamoraec.com\/index.php\/wp-json\/wp\/v2\/users\/1"}],"replies":[{"embeddable":true,"href":"https:\/\/infozamoraec.com\/index.php\/wp-json\/wp\/v2\/comments?post=14021"}],"version-history":[{"count":1,"href":"https:\/\/infozamoraec.com\/index.php\/wp-json\/wp\/v2\/posts\/14021\/revisions"}],"predecessor-version":[{"id":14023,"href":"https:\/\/infozamoraec.com\/index.php\/wp-json\/wp\/v2\/posts\/14021\/revisions\/14023"}],"wp:featuredmedia":[{"embeddable":true,"href":"https:\/\/infozamoraec.com\/index.php\/wp-json\/wp\/v2\/media\/14022"}],"wp:attachment":[{"href":"https:\/\/infozamoraec.com\/index.php\/wp-json\/wp\/v2\/media?parent=14021"}],"wp:term":[{"taxonomy":"category","embeddable":true,"href":"https:\/\/infozamoraec.com\/index.php\/wp-json\/wp\/v2\/categories?post=14021"},{"taxonomy":"post_tag","embeddable":true,"href":"https:\/\/infozamoraec.com\/index.php\/wp-json\/wp\/v2\/tags?post=14021"}],"curies":[{"name":"wp","href":"https:\/\/api.w.org\/{rel}","templated":true}]}}