{"id":13968,"date":"2025-07-19T14:46:15","date_gmt":"2025-07-19T14:46:15","guid":{"rendered":"https:\/\/infozamoraec.com\/?p=13968"},"modified":"2025-07-19T14:46:15","modified_gmt":"2025-07-19T14:46:15","slug":"jueza-en-miami-otorga-custodia-temporal-del-hijo-de-paulina-rubio-a-colate-por-procesos-legales-pendientes","status":"publish","type":"post","link":"https:\/\/infozamoraec.com\/index.php\/2025\/07\/19\/jueza-en-miami-otorga-custodia-temporal-del-hijo-de-paulina-rubio-a-colate-por-procesos-legales-pendientes\/","title":{"rendered":"Jueza en Miami otorga custodia temporal del hijo de Paulina Rubio a Colate por procesos legales pendientes"},"content":{"rendered":"<p data-start=\"114\" data-end=\"408\">La disputa legal entre la cantante mexicana Paulina Rubio y su exesposo, el empresario espa\u00f1ol Nicol\u00e1s Vallejo-N\u00e1gera, conocido como Colate, sum\u00f3 un nuevo episodio esta semana, luego de que una jueza en Miami resolviera otorgar la custodia temporal de Andrea Nicol\u00e1s, hijo de ambos, al padre.<\/p>\n<p data-start=\"410\" data-end=\"729\">La medida fue tomada pocos d\u00edas despu\u00e9s de que la int\u00e9rprete de <em data-start=\"474\" data-end=\"497\">\u201cYo no soy esa mujer\u201d<\/em> denunciara p\u00fablicamente a Colate por presuntamente retener al menor sin su consentimiento. Seg\u00fan la versi\u00f3n de la artista, el ni\u00f1o deb\u00eda regresar a su custodia para asistir a un campamento de verano en Espa\u00f1a bajo su supervisi\u00f3n.<\/p>\n<p data-start=\"731\" data-end=\"1009\">Sin embargo, de acuerdo con informaci\u00f3n revelada por la periodista Mandy Fridmann, la jueza motiv\u00f3 su decisi\u00f3n por dos procesos legales pendientes que enfrenta Paulina Rubio en Espa\u00f1a, uno de ellos de car\u00e1cter penal, relacionado con supuestos actos de maltrato hacia el menor.<\/p>\n<p data-start=\"1011\" data-end=\"1242\">El equipo legal de la cantante intent\u00f3 apelar la medida, pero no logr\u00f3 revertirla. Por lo tanto, Andrea Nicol\u00e1s permanecer\u00e1 durante los pr\u00f3ximos dos meses al cuidado de su padre, conviviendo con \u00e9l y su familia paterna en Espa\u00f1a.<\/p>\n<p data-start=\"1244\" data-end=\"1588\" data-is-last-node=\"\" data-is-only-node=\"\">La batalla judicial por la custodia del ni\u00f1o se ha prolongado durante a\u00f1os, con enfrentamientos en tribunales tanto en Estados Unidos como en Europa. Hasta ahora, ni Paulina Rubio ni Nicol\u00e1s Vallejo-N\u00e1gera han emitido declaraciones p\u00fablicas sobre este \u00faltimo fallo, aunque se prev\u00e9 que el proceso contin\u00fae desarroll\u00e1ndose en los pr\u00f3ximos meses.<\/p>\n","protected":false},"excerpt":{"rendered":"<p>La disputa legal entre la cantante mexicana Paulina Rubio y su exesposo, el empresario espa\u00f1ol Nicol\u00e1s Vallejo-N\u00e1gera, conocido como Colate, sum\u00f3 un nuevo episodio esta semana, luego de que una jueza en Miami resolviera otorgar la custodia temporal de Andrea Nicol\u00e1s, hijo de ambos, al padre. La medida fue tomada pocos d\u00edas despu\u00e9s de que [&hellip;]<\/p>\n","protected":false},"author":1,"featured_media":13969,"comment_status":"open","ping_status":"open","sticky":false,"template":"","format":"standard","meta":{"footnotes":""},"categories":[44],"tags":[],"_links":{"self":[{"href":"https:\/\/infozamoraec.com\/index.php\/wp-json\/wp\/v2\/posts\/13968"}],"collection":[{"href":"https:\/\/infozamoraec.com\/index.php\/wp-json\/wp\/v2\/posts"}],"about":[{"href":"https:\/\/infozamoraec.com\/index.php\/wp-json\/wp\/v2\/types\/post"}],"author":[{"embeddable":true,"href":"https:\/\/infozamoraec.com\/index.php\/wp-json\/wp\/v2\/users\/1"}],"replies":[{"embeddable":true,"href":"https:\/\/infozamoraec.com\/index.php\/wp-json\/wp\/v2\/comments?post=13968"}],"version-history":[{"count":2,"href":"https:\/\/infozamoraec.com\/index.php\/wp-json\/wp\/v2\/posts\/13968\/revisions"}],"predecessor-version":[{"id":13971,"href":"https:\/\/infozamoraec.com\/index.php\/wp-json\/wp\/v2\/posts\/13968\/revisions\/13971"}],"wp:featuredmedia":[{"embeddable":true,"href":"https:\/\/infozamoraec.com\/index.php\/wp-json\/wp\/v2\/media\/13969"}],"wp:attachment":[{"href":"https:\/\/infozamoraec.com\/index.php\/wp-json\/wp\/v2\/media?parent=13968"}],"wp:term":[{"taxonomy":"category","embeddable":true,"href":"https:\/\/infozamoraec.com\/index.php\/wp-json\/wp\/v2\/categories?post=13968"},{"taxonomy":"post_tag","embeddable":true,"href":"https:\/\/infozamoraec.com\/index.php\/wp-json\/wp\/v2\/tags?post=13968"}],"curies":[{"name":"wp","href":"https:\/\/api.w.org\/{rel}","templated":true}]}}