{"id":13761,"date":"2025-07-14T21:41:57","date_gmt":"2025-07-14T21:41:57","guid":{"rendered":"https:\/\/infozamoraec.com\/?p=13761"},"modified":"2025-07-14T21:41:57","modified_gmt":"2025-07-14T21:41:57","slug":"bardem-luna-y-pascal-figuran-entre-los-posibles-nominados-a-los-emmy-en-una-edicion-marcada-por-el-fenomeno-adolescence","status":"publish","type":"post","link":"https:\/\/infozamoraec.com\/index.php\/2025\/07\/14\/bardem-luna-y-pascal-figuran-entre-los-posibles-nominados-a-los-emmy-en-una-edicion-marcada-por-el-fenomeno-adolescence\/","title":{"rendered":"Bardem, Luna y Pascal figuran entre los posibles nominados a los Emmy en una edici\u00f3n marcada por el fen\u00f3meno Adolescence"},"content":{"rendered":"<p data-start=\"128\" data-end=\"578\">El espa\u00f1ol Javier Bardem, el mexicano Diego Luna y el chileno Pedro Pascal suenan con fuerza en las apuestas para liderar las nominaciones de la 77\u00aa edici\u00f3n de los premios Emmy, que ser\u00e1n anunciadas este martes por la Academia de la Televisi\u00f3n. La gala pondr\u00e1 a prueba la popularidad del fen\u00f3meno <em data-start=\"425\" data-end=\"438\">Adolescence<\/em>, la miniserie de Netflix que arras\u00f3 en audiencias, y podr\u00eda marcar un hito para los actores latinoamericanos en las categor\u00edas principales.<\/p>\n<p data-start=\"580\" data-end=\"926\">Entre los favoritos al Emmy en drama destacan <em data-start=\"626\" data-end=\"637\">Severance<\/em>, la aclamada serie de Apple TV+ sobre oficinistas con recuerdos divididos quir\u00fargicamente, y <em data-start=\"731\" data-end=\"743\">The Studio<\/em>, comedia que intenta superar el r\u00e9cord de 20 nominaciones que logr\u00f3 <em data-start=\"812\" data-end=\"823\">Ted Lasso<\/em>. Ambas producciones esperan cosechar al menos 19 candidaturas cada una, seg\u00fan la prensa especializada.<\/p>\n<p data-start=\"928\" data-end=\"1568\">En drama, <em data-start=\"938\" data-end=\"949\">Severance<\/em> competir\u00e1 con pesos pesados como la tercera temporada de <em data-start=\"1007\" data-end=\"1024\">The White Lotus<\/em>, la segunda de <em data-start=\"1040\" data-end=\"1056\">The Last of Us<\/em>, <em data-start=\"1058\" data-end=\"1072\">The Diplomat<\/em>, <em data-start=\"1074\" data-end=\"1086\">Squid Game<\/em>, <em data-start=\"1088\" data-end=\"1095\">Andor<\/em> y <em data-start=\"1098\" data-end=\"1108\">The Pitt<\/em>. Precisamente, en la categor\u00eda de mejor actor en drama podr\u00eda darse un hecho hist\u00f3rico: que dos latinoamericanos, Diego Luna (<em data-start=\"1235\" data-end=\"1242\">Andor<\/em>) y Pedro Pascal (<em data-start=\"1260\" data-end=\"1276\">The Last of Us<\/em>), compitan entre s\u00ed. Ambos enfrentar\u00edan a Noah Wyle (<em data-start=\"1330\" data-end=\"1340\">The Pitt<\/em>), favorito en las quinielas, y a Adam Scott (<em data-start=\"1386\" data-end=\"1397\">Severance<\/em>). Britt Lower, tambi\u00e9n de <em data-start=\"1424\" data-end=\"1435\">Severance<\/em>, aspira a mejor actriz junto a Keri Russel (<em data-start=\"1480\" data-end=\"1494\">The Diplomat<\/em>) y Elisabeth Moss, quien busca su segundo Emmy por <em data-start=\"1546\" data-end=\"1567\">The Handmaid\u2019s Tale<\/em>.<\/p>\n<p data-start=\"1570\" data-end=\"2010\">En comedia, <em data-start=\"1582\" data-end=\"1594\">The Studio<\/em> encabeza las apuestas junto a <em data-start=\"1625\" data-end=\"1632\">Hacks<\/em>, actual campeona, <em data-start=\"1651\" data-end=\"1661\">The Bear<\/em>, <em data-start=\"1663\" data-end=\"1682\">Abbott Elementary<\/em> y <em data-start=\"1685\" data-end=\"1715\">Only Murders in the Building<\/em>. Jeremy Allen White (<em data-start=\"1737\" data-end=\"1747\">The Bear<\/em>) es uno de los favoritos a mejor actor, mientras Seth Rogen (<em data-start=\"1809\" data-end=\"1821\">The Studio<\/em>), Adam Brody (<em data-start=\"1836\" data-end=\"1855\">Nobody Wants This<\/em>) y Martin Short (<em data-start=\"1873\" data-end=\"1903\">Only Murders in the Building<\/em>) completan la terna. Jean Smart, Quinta Bruson y Kathryn Hahn aparecen entre las favoritas a mejor actriz.<\/p>\n<p data-start=\"2012\" data-end=\"2172\">La actriz Liza Col\u00f3n-Zayas, destacada voz de la comunidad hispana, tambi\u00e9n podr\u00eda repetir su triunfo del a\u00f1o pasado como mejor actriz de reparto por <em data-start=\"2161\" data-end=\"2171\">The Bear<\/em>.<\/p>\n<p data-start=\"2174\" data-end=\"2644\">Por su parte, <em data-start=\"2188\" data-end=\"2201\">Adolescence<\/em>, el inesperado \u00e9xito de Netflix sobre el arresto de un adolescente brit\u00e1nico acusado de asesinato, buscar\u00e1 consolidar su impacto en la categor\u00eda de mejor serie limitada. Competir\u00e1 con t\u00edtulos como <em data-start=\"2399\" data-end=\"2443\">Monsters: The Lyle and Erik Men\u00e9ndez Story<\/em>, <em data-start=\"2445\" data-end=\"2458\">The Penguin<\/em> y <em data-start=\"2461\" data-end=\"2476\">Dying for Sex<\/em>. Bardem, por su papel del patriarca en <em data-start=\"2516\" data-end=\"2526\">Monsters<\/em>, y Owen Cooper, protagonista de <em data-start=\"2559\" data-end=\"2572\">Adolescence<\/em>, se perfilan como favoritos a mejor actor de reparto en serie limitada.<\/p>\n<p data-start=\"2646\" data-end=\"2886\">Las nominaciones definitivas se conocer\u00e1n este martes, en una edici\u00f3n que promete reconocer tanto a veteranos como a nuevas voces y que, seg\u00fan los analistas, podr\u00eda abrir un cap\u00edtulo hist\u00f3rico para los talentos latinoamericanos en los Emmy.<\/p>\n<p data-start=\"2888\" data-end=\"2912\" data-is-last-node=\"\" data-is-only-node=\"\">\u2014Con informaci\u00f3n de EFE.<\/p>\n","protected":false},"excerpt":{"rendered":"<p>El espa\u00f1ol Javier Bardem, el mexicano Diego Luna y el chileno Pedro Pascal suenan con fuerza en las apuestas para liderar las nominaciones de la 77\u00aa edici\u00f3n de los premios Emmy, que ser\u00e1n anunciadas este martes por la Academia de la Televisi\u00f3n. La gala pondr\u00e1 a prueba la popularidad del fen\u00f3meno Adolescence, la miniserie de [&hellip;]<\/p>\n","protected":false},"author":1,"featured_media":13762,"comment_status":"open","ping_status":"open","sticky":false,"template":"","format":"standard","meta":{"footnotes":""},"categories":[44],"tags":[],"_links":{"self":[{"href":"https:\/\/infozamoraec.com\/index.php\/wp-json\/wp\/v2\/posts\/13761"}],"collection":[{"href":"https:\/\/infozamoraec.com\/index.php\/wp-json\/wp\/v2\/posts"}],"about":[{"href":"https:\/\/infozamoraec.com\/index.php\/wp-json\/wp\/v2\/types\/post"}],"author":[{"embeddable":true,"href":"https:\/\/infozamoraec.com\/index.php\/wp-json\/wp\/v2\/users\/1"}],"replies":[{"embeddable":true,"href":"https:\/\/infozamoraec.com\/index.php\/wp-json\/wp\/v2\/comments?post=13761"}],"version-history":[{"count":2,"href":"https:\/\/infozamoraec.com\/index.php\/wp-json\/wp\/v2\/posts\/13761\/revisions"}],"predecessor-version":[{"id":13764,"href":"https:\/\/infozamoraec.com\/index.php\/wp-json\/wp\/v2\/posts\/13761\/revisions\/13764"}],"wp:featuredmedia":[{"embeddable":true,"href":"https:\/\/infozamoraec.com\/index.php\/wp-json\/wp\/v2\/media\/13762"}],"wp:attachment":[{"href":"https:\/\/infozamoraec.com\/index.php\/wp-json\/wp\/v2\/media?parent=13761"}],"wp:term":[{"taxonomy":"category","embeddable":true,"href":"https:\/\/infozamoraec.com\/index.php\/wp-json\/wp\/v2\/categories?post=13761"},{"taxonomy":"post_tag","embeddable":true,"href":"https:\/\/infozamoraec.com\/index.php\/wp-json\/wp\/v2\/tags?post=13761"}],"curies":[{"name":"wp","href":"https:\/\/api.w.org\/{rel}","templated":true}]}}