{"id":13714,"date":"2025-07-12T00:52:51","date_gmt":"2025-07-12T00:52:51","guid":{"rendered":"https:\/\/infozamoraec.com\/?p=13714"},"modified":"2025-07-12T00:52:51","modified_gmt":"2025-07-12T00:52:51","slug":"alcalde-concejales-y-empresa-publica-rindieron-cuentas-a-sus-mandantes","status":"publish","type":"post","link":"https:\/\/infozamoraec.com\/index.php\/2025\/07\/12\/alcalde-concejales-y-empresa-publica-rindieron-cuentas-a-sus-mandantes\/","title":{"rendered":"Alcalde, concejales y empresa p\u00fablica, rindieron\u00a0cuentas\u00a0a sus mandantes."},"content":{"rendered":"<p style=\"font-weight: 400;\">Este jueves 10 de julio de 2025, en un evento protocolario, el Gobierno Municipal del cant\u00f3n Zamora, liderado por el alcalde Manuel Gonz\u00e1lez, Franz Regalado y Wilmer Espinoza, concejales; Cuerpo de Bomberos y la Empresa P\u00fablica de Agua Potable y Alcantarillado (EMAPAZ), realizaron el proceso de deliberaci\u00f3n p\u00fablica de\u00a0Rendici\u00f3n de Cuentas, correspondiente al a\u00f1o fiscal 2024, en cumplimiento a lo que establece la ley Org\u00e1nica y de Participaci\u00f3n Ciudadana y Control Social.<\/p>\n<p style=\"font-weight: 400;\">La bienvenida al evento estuvo a cargo del concejal Wilmer Espinoza, quien agradeci\u00f3 la presencia de autoridades locales y provinciales, representantes de empresas p\u00fablicas y privadas, trabajadores y funcionarios de la instituci\u00f3n municipal, Sindicatos de Trabajadores, dirigentes barriales y medios de comunicaci\u00f3n.<\/p>\n<p style=\"font-weight: 400;\">Por su parte el alcalde del cant\u00f3n Zamora, Manuel Gonz\u00e1lez, en su intervenci\u00f3n inform\u00f3 que, durante el a\u00f1o 2024, se ha ejecutado un presupuesto de $20.537.840,70, mismo que ha permitido el pago de salarios al personal municipal, ejecuci\u00f3n de obras y proyectos a favor del cant\u00f3n.<br \/>\nEn lo referente al \u00e1rea social, el alcalde, destac\u00f3 los siguientes proyectos: el Proyecto Centros de Desarrollo Infantil (CDIS) atendiendo a un total de 126 ni\u00f1os, Proyecto Gerontol\u00f3gico atenci\u00f3n domiciliaria con\/sin discapacidad logrando atender a 201 usuarios, Proyecto Centro de Acogimiento Institucional \u201cMi Rinconcito\u201d atendiendo a 20 ni\u00f1os y adolescentes, Proyecto Centro de Referencia de Acogimiento Institucional \u201cMonse\u00f1or Jorge Mosquera Barreiro\u201d, donde se atiende a 30 usuarios, y Proyecto de Transporte Escolar en convenio con los GADs Parroquiales del cant\u00f3n Zamora, beneficiando a un total de 502 usuarios.<\/p>\n<p style=\"font-weight: 400;\">\u00a0En materia de Obras P\u00fablicas, Gonz\u00e1lez, resalt\u00f3 los trabajos ejecutados en el \u00e1rea urbana y rural del cant\u00f3n, como: Construcci\u00f3n de canchas sint\u00e9ticas en la cabecera parroquial de Guadalupe y en el barrio Nam\u00edrez Bajo de la parroquia Cumbaratza; Construcci\u00f3n del puente vehicular de doble carril sobre el r\u00edo Zamora sector \u201cLa Pen\u00ednsula\u201d; Construcci\u00f3n del sistema de alcantarillado sanitario, pluvial, planta de tratamiento de aguas residuales en la cabecera parroquial de Cumbaratza; Asfaltado de las principales calles en la parroquia San Carlos de Las Minas y asfaltado de varias calles del centro urbano de la parroquia Timbara; Electrificaci\u00f3n del barrio Santa Isabel de la parroquia Guadalupe; Elaboraci\u00f3n y montaje de 11 cubiertas con tubos acerados colocadas en barrios de la parroquia La Victoria de Imbana, barrios de la parroquia Guadalupe, barrios de la parroquia Zamora y barrio de la parroquia Timbara; Repotenciaci\u00f3n del camal municipal; Construcci\u00f3n de cubiertas met\u00e1licas en establecimientos educativos: en el barrio Tunantza en la Unidad Educativa Bracamoros, Ismael Apolo de la parroquia Timbara, Medardo \u00c1ngel Silva de Piuntza y Daniel Mart\u00ednez Ordo\u00f1ez de la parroquia Guadalupe, entre otras importantes obras.<\/p>\n<p style=\"font-weight: 400;\">En el \u00e1mbito de gesti\u00f3n ambiental enfatiz\u00f3, que se ha realizado la campa\u00f1a de esterilizaci\u00f3n canina y felina 2024 en donde se intervinieron a 750 mascotas en el cant\u00f3n Zamora, donde se cont\u00f3 con la participaci\u00f3n de grupos animalistas Patitas Callejeras, veterinarias y ciudan\u00eda; Adquisici\u00f3n de tres nuevos veh\u00edculos recolectores y un veh\u00edculo para desechos peligrosos; Entrega de m\u00e1s de 1.200 sacos de abono org\u00e1nico, beneficiando alrededor de 5 mil familias zamoranas; Se realiz\u00f3 el mantenimiento integral de 13 plantas de tratamiento operativas, libres de maleza y olores, asimismo, se desarroll\u00f3 el plan de acci\u00f3n de comunicaci\u00f3n y educaci\u00f3n ambiental para el manejo de residuos s\u00f3lidos del cant\u00f3n Zamora, entre otros importantes proyectos.<\/p>\n<p style=\"font-weight: 400;\">\u00a0Finalmente, Manuel Gonz\u00e1lez, alcalde del cant\u00f3n Zamora, agradeci\u00f3 el respaldo de la ciudadan\u00eda y de las instituciones p\u00fablicas y privadas, reconociendo el valor del trabajo conjunto para alcanzar las metas propuestas. Invit\u00f3 a todos los sectores a seguir sumando esfuerzos para construir un Zamora m\u00e1s justo, solidario y con mayores oportunidades para su gente.<\/p>\n","protected":false},"excerpt":{"rendered":"<p>Este jueves 10 de julio de 2025, en un evento protocolario, el Gobierno Municipal del cant\u00f3n Zamora, liderado por el alcalde Manuel Gonz\u00e1lez, Franz Regalado y Wilmer Espinoza, concejales; Cuerpo de Bomberos y la Empresa P\u00fablica de Agua Potable y Alcantarillado (EMAPAZ), realizaron el proceso de deliberaci\u00f3n p\u00fablica de\u00a0Rendici\u00f3n de Cuentas, correspondiente al a\u00f1o fiscal [&hellip;]<\/p>\n","protected":false},"author":1,"featured_media":13715,"comment_status":"open","ping_status":"open","sticky":false,"template":"","format":"standard","meta":{"footnotes":""},"categories":[9],"tags":[],"_links":{"self":[{"href":"https:\/\/infozamoraec.com\/index.php\/wp-json\/wp\/v2\/posts\/13714"}],"collection":[{"href":"https:\/\/infozamoraec.com\/index.php\/wp-json\/wp\/v2\/posts"}],"about":[{"href":"https:\/\/infozamoraec.com\/index.php\/wp-json\/wp\/v2\/types\/post"}],"author":[{"embeddable":true,"href":"https:\/\/infozamoraec.com\/index.php\/wp-json\/wp\/v2\/users\/1"}],"replies":[{"embeddable":true,"href":"https:\/\/infozamoraec.com\/index.php\/wp-json\/wp\/v2\/comments?post=13714"}],"version-history":[{"count":2,"href":"https:\/\/infozamoraec.com\/index.php\/wp-json\/wp\/v2\/posts\/13714\/revisions"}],"predecessor-version":[{"id":13717,"href":"https:\/\/infozamoraec.com\/index.php\/wp-json\/wp\/v2\/posts\/13714\/revisions\/13717"}],"wp:featuredmedia":[{"embeddable":true,"href":"https:\/\/infozamoraec.com\/index.php\/wp-json\/wp\/v2\/media\/13715"}],"wp:attachment":[{"href":"https:\/\/infozamoraec.com\/index.php\/wp-json\/wp\/v2\/media?parent=13714"}],"wp:term":[{"taxonomy":"category","embeddable":true,"href":"https:\/\/infozamoraec.com\/index.php\/wp-json\/wp\/v2\/categories?post=13714"},{"taxonomy":"post_tag","embeddable":true,"href":"https:\/\/infozamoraec.com\/index.php\/wp-json\/wp\/v2\/tags?post=13714"}],"curies":[{"name":"wp","href":"https:\/\/api.w.org\/{rel}","templated":true}]}}