{"id":13689,"date":"2025-07-11T01:35:45","date_gmt":"2025-07-11T01:35:45","guid":{"rendered":"https:\/\/infozamoraec.com\/?p=13689"},"modified":"2025-07-11T01:35:45","modified_gmt":"2025-07-11T01:35:45","slug":"esperanza-rogel-articula-acciones-para-apoyar-a-familias-afectadas-por-la-emergencia","status":"publish","type":"post","link":"https:\/\/infozamoraec.com\/index.php\/2025\/07\/11\/esperanza-rogel-articula-acciones-para-apoyar-a-familias-afectadas-por-la-emergencia\/","title":{"rendered":"Esperanza Rogel articula acciones para apoyar a familias afectadas por la emergencia"},"content":{"rendered":"<div class=\"xdj266r x14z9mp xat24cr x1lziwak x1vvkbs x126k92a\">\n<div dir=\"auto\">\n<p data-start=\"92\" data-end=\"350\">La asamble\u00edsta por\u00a0 Zamora Chinchipe Esperanza Rogel contin\u00faa recorriendo el territorio y articulando acciones en favor de las familias afectadas por la emergencia invernal, en coordinaci\u00f3n con el Ministerio de Inclusi\u00f3n Econ\u00f3mica y Social y la Secretar\u00eda de Gesti\u00f3n de Riesgos.<\/p>\n<p data-start=\"352\" data-end=\"631\">La jornada del mi\u00e9rcoles, la legisladora visit\u00f3 el barrio Bol\u00edvar y la comunidad Los Hachos, en el cant\u00f3n Yantzaza donde se levant\u00f3 informaci\u00f3n sobre las necesidades m\u00e1s urgentes y se entregaron ayudas humanitarias a las familias damnificadas, reafirmando el compromiso de atender a quienes m\u00e1s lo necesitan.<\/p>\n<p data-start=\"633\" data-end=\"921\">\u201cHoy estuvimos junto a quienes enfrentan momentos dif\u00edciles, llevando soluciones concretas y demostrando que nuestra presencia es activa y solidaria\u201d, expres\u00f3 Esperanza Rogel al concluir la entrega de asistencia, destacando la importancia de trabajar unidos para superar esta situaci\u00f3n.<\/p>\n<p data-start=\"923\" data-end=\"1118\" data-is-last-node=\"\" data-is-only-node=\"\">Estas acciones forman parte de un esfuerzo continuo por garantizar atenci\u00f3n oportuna y efectiva a la poblaci\u00f3n afectada, reforzando los lazos entre las instituciones del Estado y las comunidades.<\/p>\n<\/div>\n<\/div>\n","protected":false},"excerpt":{"rendered":"<p>La asamble\u00edsta por\u00a0 Zamora Chinchipe Esperanza Rogel contin\u00faa recorriendo el territorio y articulando acciones en favor de las familias afectadas por la emergencia invernal, en coordinaci\u00f3n con el Ministerio de Inclusi\u00f3n Econ\u00f3mica y Social y la Secretar\u00eda de Gesti\u00f3n de Riesgos. La jornada del mi\u00e9rcoles, la legisladora visit\u00f3 el barrio Bol\u00edvar y la comunidad Los [&hellip;]<\/p>\n","protected":false},"author":1,"featured_media":13690,"comment_status":"open","ping_status":"open","sticky":false,"template":"","format":"standard","meta":{"footnotes":""},"categories":[9],"tags":[],"_links":{"self":[{"href":"https:\/\/infozamoraec.com\/index.php\/wp-json\/wp\/v2\/posts\/13689"}],"collection":[{"href":"https:\/\/infozamoraec.com\/index.php\/wp-json\/wp\/v2\/posts"}],"about":[{"href":"https:\/\/infozamoraec.com\/index.php\/wp-json\/wp\/v2\/types\/post"}],"author":[{"embeddable":true,"href":"https:\/\/infozamoraec.com\/index.php\/wp-json\/wp\/v2\/users\/1"}],"replies":[{"embeddable":true,"href":"https:\/\/infozamoraec.com\/index.php\/wp-json\/wp\/v2\/comments?post=13689"}],"version-history":[{"count":1,"href":"https:\/\/infozamoraec.com\/index.php\/wp-json\/wp\/v2\/posts\/13689\/revisions"}],"predecessor-version":[{"id":13691,"href":"https:\/\/infozamoraec.com\/index.php\/wp-json\/wp\/v2\/posts\/13689\/revisions\/13691"}],"wp:featuredmedia":[{"embeddable":true,"href":"https:\/\/infozamoraec.com\/index.php\/wp-json\/wp\/v2\/media\/13690"}],"wp:attachment":[{"href":"https:\/\/infozamoraec.com\/index.php\/wp-json\/wp\/v2\/media?parent=13689"}],"wp:term":[{"taxonomy":"category","embeddable":true,"href":"https:\/\/infozamoraec.com\/index.php\/wp-json\/wp\/v2\/categories?post=13689"},{"taxonomy":"post_tag","embeddable":true,"href":"https:\/\/infozamoraec.com\/index.php\/wp-json\/wp\/v2\/tags?post=13689"}],"curies":[{"name":"wp","href":"https:\/\/api.w.org\/{rel}","templated":true}]}}