{"id":13685,"date":"2025-07-11T01:31:11","date_gmt":"2025-07-11T01:31:11","guid":{"rendered":"https:\/\/infozamoraec.com\/?p=13685"},"modified":"2025-07-12T01:01:50","modified_gmt":"2025-07-12T01:01:50","slug":"persona-fallece-en-incendio-de-vivienda-en-barrio-san-vicente-chinchipe","status":"publish","type":"post","link":"https:\/\/infozamoraec.com\/index.php\/2025\/07\/11\/persona-fallece-en-incendio-de-vivienda-en-barrio-san-vicente-chinchipe\/","title":{"rendered":"Persona fallece en incendio de vivienda en barrio San Vicente, Palanda"},"content":{"rendered":"<p data-start=\"78\" data-end=\"335\">En la madrugada de este jueves 10 de julio de 2025, un tr\u00e1gico incendio registrado en el barrio San Vicente, de parroquia San Francisco del Vergel, cant\u00f3n Palanda, cobr\u00f3 la vida de un ciudadano de 59 a\u00f1os de edad, identificado como Juan Julio J. S.<\/p>\n<p data-start=\"337\" data-end=\"586\">Seg\u00fan el reporte policial,\u00a0 a las 04:30, por disposici\u00f3n del ECU 911, personal policial de San Francisco del Vergel acudi\u00f3 al lugar de la emergencia tras recibir la alerta de un incendio con una persona fallecida en el interior de la vivienda.<\/p>\n<p data-start=\"588\" data-end=\"842\">En el sitio, los agentes tomaron contacto con Juan Pedro J, A. hijo del fallecido, quien relat\u00f3 que alrededor de las 00:30 se percat\u00f3 del fuego que consum\u00eda la casa. Pese a sus esfuerzos, su padre qued\u00f3 atrapado y perdi\u00f3 la vida en el interior.<\/p>\n<p data-start=\"844\" data-end=\"1111\">Por disposici\u00f3n de la fiscal de turno, se realiz\u00f3 el levantamiento del cad\u00e1ver, que fue trasladado hasta el centro del cant\u00f3n Palanda con el apoyo del Cuerpo de Bomberos, cuyo equipo logr\u00f3 acceder a la vivienda, ubicada a unos 30 minutos de camino de herradura.<\/p>\n<p data-start=\"1113\" data-end=\"1309\" data-is-last-node=\"\" data-is-only-node=\"\">Las autoridades contin\u00faan con las investigaciones para determinar las causas del siniestro y reiteraron su llamado a la ciudadan\u00eda a mantener medidas de prevenci\u00f3n para evitar tragedias similares.<\/p>\n","protected":false},"excerpt":{"rendered":"<p>En la madrugada de este jueves 10 de julio de 2025, un tr\u00e1gico incendio registrado en el barrio San Vicente, de parroquia San Francisco del Vergel, cant\u00f3n Palanda, cobr\u00f3 la vida de un ciudadano de 59 a\u00f1os de edad, identificado como Juan Julio J. S. Seg\u00fan el reporte policial,\u00a0 a las 04:30, por disposici\u00f3n del [&hellip;]<\/p>\n","protected":false},"author":1,"featured_media":13686,"comment_status":"open","ping_status":"open","sticky":false,"template":"","format":"standard","meta":{"footnotes":""},"categories":[9],"tags":[],"_links":{"self":[{"href":"https:\/\/infozamoraec.com\/index.php\/wp-json\/wp\/v2\/posts\/13685"}],"collection":[{"href":"https:\/\/infozamoraec.com\/index.php\/wp-json\/wp\/v2\/posts"}],"about":[{"href":"https:\/\/infozamoraec.com\/index.php\/wp-json\/wp\/v2\/types\/post"}],"author":[{"embeddable":true,"href":"https:\/\/infozamoraec.com\/index.php\/wp-json\/wp\/v2\/users\/1"}],"replies":[{"embeddable":true,"href":"https:\/\/infozamoraec.com\/index.php\/wp-json\/wp\/v2\/comments?post=13685"}],"version-history":[{"count":3,"href":"https:\/\/infozamoraec.com\/index.php\/wp-json\/wp\/v2\/posts\/13685\/revisions"}],"predecessor-version":[{"id":13725,"href":"https:\/\/infozamoraec.com\/index.php\/wp-json\/wp\/v2\/posts\/13685\/revisions\/13725"}],"wp:featuredmedia":[{"embeddable":true,"href":"https:\/\/infozamoraec.com\/index.php\/wp-json\/wp\/v2\/media\/13686"}],"wp:attachment":[{"href":"https:\/\/infozamoraec.com\/index.php\/wp-json\/wp\/v2\/media?parent=13685"}],"wp:term":[{"taxonomy":"category","embeddable":true,"href":"https:\/\/infozamoraec.com\/index.php\/wp-json\/wp\/v2\/categories?post=13685"},{"taxonomy":"post_tag","embeddable":true,"href":"https:\/\/infozamoraec.com\/index.php\/wp-json\/wp\/v2\/tags?post=13685"}],"curies":[{"name":"wp","href":"https:\/\/api.w.org\/{rel}","templated":true}]}}