{"id":13597,"date":"2025-07-09T04:04:06","date_gmt":"2025-07-09T04:04:06","guid":{"rendered":"https:\/\/infozamoraec.com\/?p=13597"},"modified":"2025-07-09T04:04:06","modified_gmt":"2025-07-09T04:04:06","slug":"cierre-temporal-y-paso-controlado-en-la-via-e50-loja-zamora-este-miercoles-9-de-julio","status":"publish","type":"post","link":"https:\/\/infozamoraec.com\/index.php\/2025\/07\/09\/cierre-temporal-y-paso-controlado-en-la-via-e50-loja-zamora-este-miercoles-9-de-julio\/","title":{"rendered":"Cierre temporal y paso controlado en la v\u00eda E50 Loja \u2013 Zamora este mi\u00e9rcoles 9 de julio"},"content":{"rendered":"<p data-start=\"95\" data-end=\"439\">El Ministerio de Transporte y Obras P\u00fablicas informa a la ciudadan\u00eda que la v\u00eda principal <strong data-start=\"185\" data-end=\"206\">E50 Loja \u2013 Zamora<\/strong>, en el tramo <strong data-start=\"220\" data-end=\"249\">El Retorno \u2013 La Fragancia<\/strong>, permanecer\u00e1 <strong data-start=\"263\" data-end=\"314\">cerrada al tr\u00e1nsito para todo tipo de veh\u00edculos<\/strong> este mi\u00e9rcoles <strong data-start=\"330\" data-end=\"352\">9 de julio de 2025<\/strong>, desde las <strong data-start=\"364\" data-end=\"389\">08:00 hasta las 12:00<\/strong>, debido a trabajos de mantenimiento y limpieza.<\/p>\n<p data-start=\"441\" data-end=\"570\">Durante este horario, la ruta alterna habilitada para <strong data-start=\"495\" data-end=\"517\">veh\u00edculos livianos<\/strong> ser\u00e1 la v\u00eda antigua <strong data-start=\"538\" data-end=\"567\">La Fragancia \u2013 El Retorno<\/strong>.<\/p>\n<p data-start=\"572\" data-end=\"878\">Asimismo, desde las <strong data-start=\"592\" data-end=\"617\">12:00 hasta las 17:00<\/strong>, se habilitar\u00e1 <strong data-start=\"633\" data-end=\"690\">paso controlado exclusivamente para veh\u00edculos pesados<\/strong> en la v\u00eda principal. Finalmente, desde las <strong data-start=\"734\" data-end=\"796\">17:00 del mi\u00e9rcoles hasta las 08:00 del jueves 10 de julio<\/strong>, la v\u00eda principal quedar\u00e1 completamente habilitada para todo tipo de veh\u00edculos.<\/p>\n<p data-start=\"880\" data-end=\"1086\">Se recomienda a los conductores circular con precauci\u00f3n, especialmente entre los kil\u00f3metros <strong data-start=\"972\" data-end=\"998\">13 (l\u00edmite provincial)<\/strong> y <strong data-start=\"1001\" data-end=\"1007\">44<\/strong>, debido a la presencia de material de arrastre y hundimientos en la calzada.<\/p>\n<p data-start=\"1088\" data-end=\"1235\" data-is-last-node=\"\" data-is-only-node=\"\">Las autoridades invitan a los usuarios a planificar sus viajes con antelaci\u00f3n y mantenerse informados \u00fanicamente a trav\u00e9s de los canales oficiales.<\/p>\n","protected":false},"excerpt":{"rendered":"<p>El Ministerio de Transporte y Obras P\u00fablicas informa a la ciudadan\u00eda que la v\u00eda principal E50 Loja \u2013 Zamora, en el tramo El Retorno \u2013 La Fragancia, permanecer\u00e1 cerrada al tr\u00e1nsito para todo tipo de veh\u00edculos este mi\u00e9rcoles 9 de julio de 2025, desde las 08:00 hasta las 12:00, debido a trabajos de mantenimiento y [&hellip;]<\/p>\n","protected":false},"author":1,"featured_media":13598,"comment_status":"open","ping_status":"open","sticky":false,"template":"","format":"standard","meta":{"footnotes":""},"categories":[9],"tags":[],"_links":{"self":[{"href":"https:\/\/infozamoraec.com\/index.php\/wp-json\/wp\/v2\/posts\/13597"}],"collection":[{"href":"https:\/\/infozamoraec.com\/index.php\/wp-json\/wp\/v2\/posts"}],"about":[{"href":"https:\/\/infozamoraec.com\/index.php\/wp-json\/wp\/v2\/types\/post"}],"author":[{"embeddable":true,"href":"https:\/\/infozamoraec.com\/index.php\/wp-json\/wp\/v2\/users\/1"}],"replies":[{"embeddable":true,"href":"https:\/\/infozamoraec.com\/index.php\/wp-json\/wp\/v2\/comments?post=13597"}],"version-history":[{"count":1,"href":"https:\/\/infozamoraec.com\/index.php\/wp-json\/wp\/v2\/posts\/13597\/revisions"}],"predecessor-version":[{"id":13599,"href":"https:\/\/infozamoraec.com\/index.php\/wp-json\/wp\/v2\/posts\/13597\/revisions\/13599"}],"wp:featuredmedia":[{"embeddable":true,"href":"https:\/\/infozamoraec.com\/index.php\/wp-json\/wp\/v2\/media\/13598"}],"wp:attachment":[{"href":"https:\/\/infozamoraec.com\/index.php\/wp-json\/wp\/v2\/media?parent=13597"}],"wp:term":[{"taxonomy":"category","embeddable":true,"href":"https:\/\/infozamoraec.com\/index.php\/wp-json\/wp\/v2\/categories?post=13597"},{"taxonomy":"post_tag","embeddable":true,"href":"https:\/\/infozamoraec.com\/index.php\/wp-json\/wp\/v2\/tags?post=13597"}],"curies":[{"name":"wp","href":"https:\/\/api.w.org\/{rel}","templated":true}]}}