{"id":13593,"date":"2025-07-09T03:55:24","date_gmt":"2025-07-09T03:55:24","guid":{"rendered":"https:\/\/infozamoraec.com\/?p=13593"},"modified":"2025-07-09T03:55:24","modified_gmt":"2025-07-09T03:55:24","slug":"inauguracion-de-aula-en-la-escuela-manuel-j-calle-en-sahuinuma-fortalece-la-educacion-local","status":"publish","type":"post","link":"https:\/\/infozamoraec.com\/index.php\/2025\/07\/09\/inauguracion-de-aula-en-la-escuela-manuel-j-calle-en-sahuinuma-fortalece-la-educacion-local\/","title":{"rendered":"Inauguraci\u00f3n de aula en la escuela Manuel J. Calle en Sahuinum\u00e1 fortalece la educaci\u00f3n local"},"content":{"rendered":"<p data-start=\"100\" data-end=\"372\">Este s\u00e1bado 5 de julio de 2025 se llev\u00f3 a cabo la inauguraci\u00f3n oficial de un aula en la escuela <strong data-start=\"196\" data-end=\"215\">Manuel J. Calle<\/strong>, ubicada en el barrio <strong data-start=\"238\" data-end=\"251\">Sahuinum\u00e1<\/strong>, en la cabecera cantonal, un evento que reafirma el compromiso con la educaci\u00f3n y el bienestar de la ni\u00f1ez del sector.<\/p>\n<p data-start=\"374\" data-end=\"617\">La ceremonia cont\u00f3 con la presencia del alcalde del cant\u00f3n, <strong data-start=\"434\" data-end=\"465\">ingeniero Segundo Jaramillo<\/strong>, concejales, autoridades locales, docentes, estudiantes y miembros de la comunidad, quienes se reunieron para celebrar esta obra largamente esperada.<\/p>\n<p data-start=\"619\" data-end=\"946\">En sus intervenciones, las autoridades destacaron la importancia de fortalecer la infraestructura educativa para garantizar un entorno adecuado para el aprendizaje. El alcalde Jaramillo reafirm\u00f3 el compromiso municipal con el desarrollo del sector y con la creaci\u00f3n de mejores oportunidades para los ni\u00f1os y ni\u00f1as del cant\u00f3n.<\/p>\n<p data-start=\"948\" data-end=\"1150\">El evento se vivi\u00f3 en un ambiente festivo, enriquecido con presentaciones culturales, danza y la participaci\u00f3n de artistas locales, que pusieron un toque de alegr\u00eda y orgullo comunitario a la jornada.<\/p>\n<p data-start=\"1152\" data-end=\"1404\" data-is-last-node=\"\" data-is-only-node=\"\">La comunidad educativa expres\u00f3 su agradecimiento y satisfacci\u00f3n por esta obra, que representa un importante paso hacia la mejora de la calidad educativa en la zona y que refleja la uni\u00f3n de esfuerzos para construir un mejor futuro para los estudiantes.<\/p>\n","protected":false},"excerpt":{"rendered":"<p>Este s\u00e1bado 5 de julio de 2025 se llev\u00f3 a cabo la inauguraci\u00f3n oficial de un aula en la escuela Manuel J. Calle, ubicada en el barrio Sahuinum\u00e1, en la cabecera cantonal, un evento que reafirma el compromiso con la educaci\u00f3n y el bienestar de la ni\u00f1ez del sector. La ceremonia cont\u00f3 con la presencia [&hellip;]<\/p>\n","protected":false},"author":1,"featured_media":13594,"comment_status":"open","ping_status":"open","sticky":false,"template":"","format":"standard","meta":{"footnotes":""},"categories":[9],"tags":[],"_links":{"self":[{"href":"https:\/\/infozamoraec.com\/index.php\/wp-json\/wp\/v2\/posts\/13593"}],"collection":[{"href":"https:\/\/infozamoraec.com\/index.php\/wp-json\/wp\/v2\/posts"}],"about":[{"href":"https:\/\/infozamoraec.com\/index.php\/wp-json\/wp\/v2\/types\/post"}],"author":[{"embeddable":true,"href":"https:\/\/infozamoraec.com\/index.php\/wp-json\/wp\/v2\/users\/1"}],"replies":[{"embeddable":true,"href":"https:\/\/infozamoraec.com\/index.php\/wp-json\/wp\/v2\/comments?post=13593"}],"version-history":[{"count":2,"href":"https:\/\/infozamoraec.com\/index.php\/wp-json\/wp\/v2\/posts\/13593\/revisions"}],"predecessor-version":[{"id":13596,"href":"https:\/\/infozamoraec.com\/index.php\/wp-json\/wp\/v2\/posts\/13593\/revisions\/13596"}],"wp:featuredmedia":[{"embeddable":true,"href":"https:\/\/infozamoraec.com\/index.php\/wp-json\/wp\/v2\/media\/13594"}],"wp:attachment":[{"href":"https:\/\/infozamoraec.com\/index.php\/wp-json\/wp\/v2\/media?parent=13593"}],"wp:term":[{"taxonomy":"category","embeddable":true,"href":"https:\/\/infozamoraec.com\/index.php\/wp-json\/wp\/v2\/categories?post=13593"},{"taxonomy":"post_tag","embeddable":true,"href":"https:\/\/infozamoraec.com\/index.php\/wp-json\/wp\/v2\/tags?post=13593"}],"curies":[{"name":"wp","href":"https:\/\/api.w.org\/{rel}","templated":true}]}}