{"id":13586,"date":"2025-07-09T03:45:55","date_gmt":"2025-07-09T03:45:55","guid":{"rendered":"https:\/\/infozamoraec.com\/?p=13586"},"modified":"2025-07-09T03:45:55","modified_gmt":"2025-07-09T03:45:55","slug":"el-gad-municipal-de-zamora-activo-respuesta-ante-emergencias-provocadas-por-el-temporal-invernal","status":"publish","type":"post","link":"https:\/\/infozamoraec.com\/index.php\/2025\/07\/09\/el-gad-municipal-de-zamora-activo-respuesta-ante-emergencias-provocadas-por-el-temporal-invernal\/","title":{"rendered":"El GAD Municipal De Zamora activ\u00f3 respuesta ante emergencias provocadas por el temporal invernal"},"content":{"rendered":"<p style=\"font-weight: 400;\">Ante las intensas lluvias registradas en el cant\u00f3n Zamora, el Gobierno Aut\u00f3nomo Descentralizado (GAD) Municipal, encabezado por el alcalde Manuel Gonz\u00e1lez y con el respaldo del cuerpo de concejales, despleg\u00f3 una respuesta inmediata para atender las emergencias provocadas por el temporal invernal, brindando apoyo t\u00e9cnico, humano y log\u00edstico en los sectores m\u00e1s afectados.<\/p>\n<p style=\"font-weight: 400;\">La intervenci\u00f3n municipal permiti\u00f3 ejecutar trabajos de limpieza y remoci\u00f3n de escombros en diversos puntos cr\u00edticos. Entre ellos destacaron la v\u00eda a Romerillos Alto, Numbami y el Valle del Jambo\u00e9, donde se realizaron labores de habilitaci\u00f3n vial. En el barrio Jorge Mosquera, se evacuaron tierra y \u00e1rboles tras un deslizamiento que afect\u00f3 la estructura de la cancha cubierta. Tambi\u00e9n se procedi\u00f3 al desalojo de derrumbes en el sector La Alvernia, espec\u00edficamente en la calle Cumbaratza.<\/p>\n<p style=\"font-weight: 400;\">Asimismo, se intervino en el sector El Minero del barrio P\u00edo Jaramillo, en la calle Juan Izquierdo, y en el barrio Benjam\u00edn Carri\u00f3n, donde se removieron materiales producto de deslizamientos. La v\u00eda Loja\u2013Zamora tambi\u00e9n fue objeto de trabajos de limpieza, con el fin de mantener la conectividad.<\/p>\n<p style=\"font-weight: 400;\">Durante la sesi\u00f3n del COE Cantonal, realizada el mi\u00e9rcoles 2 de julio, se resolvi\u00f3 activar los albergues temporales ubicados en la parroquia Cumbaratza, espec\u00edficamente en la casa de retiros del Movimiento Juan XXIII, en el barrio Rancho Alegre, y en la casa comunal del barrio Nambija Bajo. Adem\u00e1s, se dispuso el levantamiento de informaci\u00f3n t\u00e9cnica sobre las estructuras p\u00fablicas afectadas y la identificaci\u00f3n de personas damnificadas.<\/p>\n<p style=\"font-weight: 400;\">Se solicit\u00f3 a la Secretar\u00eda de Gesti\u00f3n de Riesgos (SNGRE) la provisi\u00f3n de ayuda humanitaria, incluidos kits de dormir, cocina y alimentos, destinados a las familias afectadas por el desbordamiento e inundaci\u00f3n del r\u00edo Zamora.<\/p>\n<p style=\"font-weight: 400;\">De igual manera, se encarg\u00f3 al Departamento de Comunicaci\u00f3n Municipal el impulso de campa\u00f1as de concientizaci\u00f3n sobre la importancia de evitar construcciones en las m\u00e1rgenes de r\u00edos y quebradas. Tambi\u00e9n se recomend\u00f3 que, en caso de crecidas, las familias se movilizaran a hogares seguros para prevenir riesgos.<\/p>\n<p style=\"font-weight: 400;\">Finalmente, se notific\u00f3 al COE Provincial sobre estas decisiones y se propuso la declaratoria de emergencia provincial debido a la situaci\u00f3n invernal.<\/p>\n<p style=\"font-weight: 400;\">Los trabajos continuaron con el objetivo de salvaguardar la seguridad de los sectores m\u00e1s afectados. Adem\u00e1s, el GAD Municipal organiz\u00f3 una Marat\u00f3n Solidaria, que se desarroll\u00f3 el jueves 3 de julio en los alrededores del monumento La Chapetona, en la ciudad de Zamora. Esta actividad busc\u00f3 unir a la ciudadan\u00eda en un esfuerzo colectivo para recaudar ayuda destinada a las personas damnificadas.<\/p>\n<p style=\"font-weight: 400;\">El alcalde Manuel Gonz\u00e1lez reafirm\u00f3 que el GAD Municipal permaneci\u00f3 activo y comprometido con todos los esfuerzos necesarios para enfrentar la emergencia, priorizando siempre la vida y el bienestar de los habitantes del cant\u00f3n.<\/p>\n","protected":false},"excerpt":{"rendered":"<p>Ante las intensas lluvias registradas en el cant\u00f3n Zamora, el Gobierno Aut\u00f3nomo Descentralizado (GAD) Municipal, encabezado por el alcalde Manuel Gonz\u00e1lez y con el respaldo del cuerpo de concejales, despleg\u00f3 una respuesta inmediata para atender las emergencias provocadas por el temporal invernal, brindando apoyo t\u00e9cnico, humano y log\u00edstico en los sectores m\u00e1s afectados. La intervenci\u00f3n [&hellip;]<\/p>\n","protected":false},"author":1,"featured_media":13587,"comment_status":"open","ping_status":"open","sticky":false,"template":"","format":"standard","meta":{"footnotes":""},"categories":[9],"tags":[],"_links":{"self":[{"href":"https:\/\/infozamoraec.com\/index.php\/wp-json\/wp\/v2\/posts\/13586"}],"collection":[{"href":"https:\/\/infozamoraec.com\/index.php\/wp-json\/wp\/v2\/posts"}],"about":[{"href":"https:\/\/infozamoraec.com\/index.php\/wp-json\/wp\/v2\/types\/post"}],"author":[{"embeddable":true,"href":"https:\/\/infozamoraec.com\/index.php\/wp-json\/wp\/v2\/users\/1"}],"replies":[{"embeddable":true,"href":"https:\/\/infozamoraec.com\/index.php\/wp-json\/wp\/v2\/comments?post=13586"}],"version-history":[{"count":1,"href":"https:\/\/infozamoraec.com\/index.php\/wp-json\/wp\/v2\/posts\/13586\/revisions"}],"predecessor-version":[{"id":13588,"href":"https:\/\/infozamoraec.com\/index.php\/wp-json\/wp\/v2\/posts\/13586\/revisions\/13588"}],"wp:featuredmedia":[{"embeddable":true,"href":"https:\/\/infozamoraec.com\/index.php\/wp-json\/wp\/v2\/media\/13587"}],"wp:attachment":[{"href":"https:\/\/infozamoraec.com\/index.php\/wp-json\/wp\/v2\/media?parent=13586"}],"wp:term":[{"taxonomy":"category","embeddable":true,"href":"https:\/\/infozamoraec.com\/index.php\/wp-json\/wp\/v2\/categories?post=13586"},{"taxonomy":"post_tag","embeddable":true,"href":"https:\/\/infozamoraec.com\/index.php\/wp-json\/wp\/v2\/tags?post=13586"}],"curies":[{"name":"wp","href":"https:\/\/api.w.org\/{rel}","templated":true}]}}