{"id":13562,"date":"2025-07-08T00:20:45","date_gmt":"2025-07-08T00:20:45","guid":{"rendered":"https:\/\/infozamoraec.com\/?p=13562"},"modified":"2025-07-08T00:20:45","modified_gmt":"2025-07-08T00:20:45","slug":"policia-nacional-inaugura-campamento-vacacional-poli-scout-con-mas-de-100-ninos-en-zamora-chinchipe","status":"publish","type":"post","link":"https:\/\/infozamoraec.com\/index.php\/2025\/07\/08\/policia-nacional-inaugura-campamento-vacacional-poli-scout-con-mas-de-100-ninos-en-zamora-chinchipe\/","title":{"rendered":"Polic\u00eda Nacional inaugura campamento vacacional \u201cPOLI SCOUT\u201d con m\u00e1s de 100 ni\u00f1os en Zamora Chinchipe"},"content":{"rendered":"<p data-start=\"109\" data-end=\"452\">La Polic\u00eda Nacional del Ecuador, a trav\u00e9s de la Subzona Zamora Chinchipe N.\u00ba 19, inaugur\u00f3 este lunes 7 de julio de 2025 el campamento vacacional <strong data-start=\"254\" data-end=\"270\">\u201cPOLI SCOUT\u201d<\/strong>, un espacio formativo, recreativo y de integraci\u00f3n dirigido a ni\u00f1as y ni\u00f1os de entre 6 y 12 a\u00f1os, como parte de las acciones comunitarias del Eje Preventivo y Polic\u00eda Comunitaria.<\/p>\n<p data-start=\"454\" data-end=\"719\">El primer grupo, conformado por <strong data-start=\"486\" data-end=\"499\">101 ni\u00f1os<\/strong>, participar\u00e1 en actividades l\u00fadicas, educativas y deportivas del 7 al 18 de julio, en horarios de 07h45 a 12h00. Un segundo grupo iniciar\u00e1 su proceso vacacional del 21 de julio al 1 de agosto, bajo la misma modalidad.<\/p>\n<p data-start=\"721\" data-end=\"1063\">El programa \u201cPOLI SCOUT\u201d ha recibido una gran acogida por parte de las familias zamoranas, quienes destacan la importancia de contar con espacios seguros donde sus hijos puedan aprender, compartir y fortalecer valores como el respeto, la disciplina, el trabajo en equipo y el amor a la patria, siempre acompa\u00f1ados por servidores policiales.<\/p>\n<p data-start=\"1065\" data-end=\"1260\">Estas iniciativas reflejan el firme compromiso institucional de la Polic\u00eda Nacional con la comunidad, fomentando v\u00ednculos de confianza, formaci\u00f3n ciudadana y prevenci\u00f3n integral desde la ni\u00f1ez.<\/p>\n<p data-start=\"1262\" data-end=\"1424\" data-is-last-node=\"\" data-is-only-node=\"\">La instituci\u00f3n reafirma as\u00ed su vocaci\u00f3n de servicio y cercan\u00eda con la ciudadan\u00eda, construyendo juntos un entorno m\u00e1s seguro, participativo y solidario para todos.<\/p>\n","protected":false},"excerpt":{"rendered":"<p>La Polic\u00eda Nacional del Ecuador, a trav\u00e9s de la Subzona Zamora Chinchipe N.\u00ba 19, inaugur\u00f3 este lunes 7 de julio de 2025 el campamento vacacional \u201cPOLI SCOUT\u201d, un espacio formativo, recreativo y de integraci\u00f3n dirigido a ni\u00f1as y ni\u00f1os de entre 6 y 12 a\u00f1os, como parte de las acciones comunitarias del Eje Preventivo y [&hellip;]<\/p>\n","protected":false},"author":1,"featured_media":13563,"comment_status":"open","ping_status":"open","sticky":false,"template":"","format":"standard","meta":{"footnotes":""},"categories":[9],"tags":[],"_links":{"self":[{"href":"https:\/\/infozamoraec.com\/index.php\/wp-json\/wp\/v2\/posts\/13562"}],"collection":[{"href":"https:\/\/infozamoraec.com\/index.php\/wp-json\/wp\/v2\/posts"}],"about":[{"href":"https:\/\/infozamoraec.com\/index.php\/wp-json\/wp\/v2\/types\/post"}],"author":[{"embeddable":true,"href":"https:\/\/infozamoraec.com\/index.php\/wp-json\/wp\/v2\/users\/1"}],"replies":[{"embeddable":true,"href":"https:\/\/infozamoraec.com\/index.php\/wp-json\/wp\/v2\/comments?post=13562"}],"version-history":[{"count":1,"href":"https:\/\/infozamoraec.com\/index.php\/wp-json\/wp\/v2\/posts\/13562\/revisions"}],"predecessor-version":[{"id":13564,"href":"https:\/\/infozamoraec.com\/index.php\/wp-json\/wp\/v2\/posts\/13562\/revisions\/13564"}],"wp:featuredmedia":[{"embeddable":true,"href":"https:\/\/infozamoraec.com\/index.php\/wp-json\/wp\/v2\/media\/13563"}],"wp:attachment":[{"href":"https:\/\/infozamoraec.com\/index.php\/wp-json\/wp\/v2\/media?parent=13562"}],"wp:term":[{"taxonomy":"category","embeddable":true,"href":"https:\/\/infozamoraec.com\/index.php\/wp-json\/wp\/v2\/categories?post=13562"},{"taxonomy":"post_tag","embeddable":true,"href":"https:\/\/infozamoraec.com\/index.php\/wp-json\/wp\/v2\/tags?post=13562"}],"curies":[{"name":"wp","href":"https:\/\/api.w.org\/{rel}","templated":true}]}}