{"id":13559,"date":"2025-07-08T00:16:32","date_gmt":"2025-07-08T00:16:32","guid":{"rendered":"https:\/\/infozamoraec.com\/?p=13559"},"modified":"2025-07-08T00:16:52","modified_gmt":"2025-07-08T00:16:52","slug":"inician-los-talleres-vacacionales-2025-en-el-pangui","status":"publish","type":"post","link":"https:\/\/infozamoraec.com\/index.php\/2025\/07\/08\/inician-los-talleres-vacacionales-2025-en-el-pangui\/","title":{"rendered":"Inician los talleres vacacionales 2025 en El Pangui"},"content":{"rendered":"<p data-start=\"59\" data-end=\"377\">Con entusiasmo y compromiso, arrancaron en El Pangui los <strong data-start=\"116\" data-end=\"146\">Talleres Vacacionales 2025<\/strong>, una iniciativa del Gobierno Municipal con el respaldo de la empresa EcuaCorriente (ECSA), que busca promover el desarrollo integral de la ni\u00f1ez y juventud del cant\u00f3n a trav\u00e9s de actividades educativas, recreativas y culturales.<\/p>\n<p data-start=\"379\" data-end=\"845\">La inauguraci\u00f3n oficial, que se realiz\u00f3 con la participaci\u00f3n de autoridades locales, marc\u00f3 el inicio de esta propuesta que beneficiar\u00e1 a m\u00e1s de <strong data-start=\"523\" data-end=\"551\">410 ni\u00f1os y adolescentes<\/strong> durante cuatro semanas. La vicealcaldesa Mayra Quezada, en representaci\u00f3n del Gobierno Municipal, destac\u00f3 que estos talleres han sido pensados para que los participantes hagan un uso positivo de su tiempo libre, fortalezcan sus habilidades, descubran talentos y fomenten la sana convivencia.<\/p>\n<p data-start=\"847\" data-end=\"1267\">Por su parte, la concejal Yanela Rojas se\u00f1al\u00f3 que este espacio permitir\u00e1 a los ni\u00f1os y j\u00f3venes aprender, divertirse y compartir en un entorno seguro y formativo, mientras que Fernando Regalado, representante de ECSA, expres\u00f3 su satisfacci\u00f3n por apoyar iniciativas que benefician directamente a la poblaci\u00f3n infantil de la zona de influencia, reafirmando el compromiso de la empresa con el desarrollo social del cant\u00f3n.<\/p>\n<p data-start=\"1269\" data-end=\"1672\">Durante el acto tambi\u00e9n se present\u00f3 a los instructores encargados de las actividades. En total, se impartir\u00e1n <strong data-start=\"1379\" data-end=\"1397\">14 disciplinas<\/strong> bajo la gu\u00eda de personal calificado, entre ellas: manualidades, nataci\u00f3n, f\u00fatbol, reposter\u00eda, dibujo y pintura, locuci\u00f3n, ciclismo, trabajos en fomix, danza, artesan\u00edas en arcilla, ecuavoley, chino\u2013mandar\u00edn, defensa personal, agroturismo, aviturismo, naturaleza y camping.<\/p>\n<p data-start=\"1674\" data-end=\"1879\" data-is-last-node=\"\" data-is-only-node=\"\">Estos talleres reflejan el esfuerzo conjunto entre el sector p\u00fablico y privado para ofrecer alternativas formativas y recreativas que contribuyan al desarrollo integral de la ni\u00f1ez y juventud de El Pangui.<\/p>\n","protected":false},"excerpt":{"rendered":"<p>Con entusiasmo y compromiso, arrancaron en El Pangui los Talleres Vacacionales 2025, una iniciativa del Gobierno Municipal con el respaldo de la empresa EcuaCorriente (ECSA), que busca promover el desarrollo integral de la ni\u00f1ez y juventud del cant\u00f3n a trav\u00e9s de actividades educativas, recreativas y culturales. La inauguraci\u00f3n oficial, que se realiz\u00f3 con la participaci\u00f3n [&hellip;]<\/p>\n","protected":false},"author":1,"featured_media":13560,"comment_status":"open","ping_status":"open","sticky":false,"template":"","format":"standard","meta":{"footnotes":""},"categories":[9],"tags":[],"_links":{"self":[{"href":"https:\/\/infozamoraec.com\/index.php\/wp-json\/wp\/v2\/posts\/13559"}],"collection":[{"href":"https:\/\/infozamoraec.com\/index.php\/wp-json\/wp\/v2\/posts"}],"about":[{"href":"https:\/\/infozamoraec.com\/index.php\/wp-json\/wp\/v2\/types\/post"}],"author":[{"embeddable":true,"href":"https:\/\/infozamoraec.com\/index.php\/wp-json\/wp\/v2\/users\/1"}],"replies":[{"embeddable":true,"href":"https:\/\/infozamoraec.com\/index.php\/wp-json\/wp\/v2\/comments?post=13559"}],"version-history":[{"count":1,"href":"https:\/\/infozamoraec.com\/index.php\/wp-json\/wp\/v2\/posts\/13559\/revisions"}],"predecessor-version":[{"id":13561,"href":"https:\/\/infozamoraec.com\/index.php\/wp-json\/wp\/v2\/posts\/13559\/revisions\/13561"}],"wp:featuredmedia":[{"embeddable":true,"href":"https:\/\/infozamoraec.com\/index.php\/wp-json\/wp\/v2\/media\/13560"}],"wp:attachment":[{"href":"https:\/\/infozamoraec.com\/index.php\/wp-json\/wp\/v2\/media?parent=13559"}],"wp:term":[{"taxonomy":"category","embeddable":true,"href":"https:\/\/infozamoraec.com\/index.php\/wp-json\/wp\/v2\/categories?post=13559"},{"taxonomy":"post_tag","embeddable":true,"href":"https:\/\/infozamoraec.com\/index.php\/wp-json\/wp\/v2\/tags?post=13559"}],"curies":[{"name":"wp","href":"https:\/\/api.w.org\/{rel}","templated":true}]}}