{"id":13556,"date":"2025-07-08T00:12:21","date_gmt":"2025-07-08T00:12:21","guid":{"rendered":"https:\/\/infozamoraec.com\/?p=13556"},"modified":"2025-07-08T00:12:21","modified_gmt":"2025-07-08T00:12:21","slug":"con-alegria-y-compromiso-policia-nacional-inauguro-el-campamento-vacacional-poli-scout-en-guayzimi","status":"publish","type":"post","link":"https:\/\/infozamoraec.com\/index.php\/2025\/07\/08\/con-alegria-y-compromiso-policia-nacional-inauguro-el-campamento-vacacional-poli-scout-en-guayzimi\/","title":{"rendered":"Con alegr\u00eda y compromiso, Polic\u00eda Nacional inaugur\u00f3 el campamento vacacional \u201cPOLI SCOUT\u201d en Guayzimi"},"content":{"rendered":"<p data-start=\"109\" data-end=\"479\">En el marco de las actividades preventivas y comunitarias que impulsa la Polic\u00eda Nacional del Ecuador, este lunes 7 de julio de 2025, en el parque central de Guayzimi, se realiz\u00f3 la inauguraci\u00f3n oficial del campamento vacacional <strong data-start=\"338\" data-end=\"354\">\u201cPOLI SCOUT\u201d<\/strong>, dirigido a ni\u00f1as y ni\u00f1os del sector para fomentar la convivencia, los valores y la confianza ciudadana desde la infancia.<\/p>\n<p data-start=\"481\" data-end=\"565\">La jornada, llena de entusiasmo y participaci\u00f3n, cont\u00f3 con la presencia activa de:<\/p>\n<ul data-start=\"566\" data-end=\"785\">\n<li data-start=\"566\" data-end=\"636\">\n<p data-start=\"568\" data-end=\"636\"><strong data-start=\"568\" data-end=\"580\">60 ni\u00f1os<\/strong>, quienes ser\u00e1n los protagonistas de esta experiencia.<\/p>\n<\/li>\n<li data-start=\"637\" data-end=\"718\">\n<p data-start=\"639\" data-end=\"718\"><strong data-start=\"639\" data-end=\"667\">06 servidores policiales<\/strong>, encargados de la organizaci\u00f3n y acompa\u00f1amiento.<\/p>\n<\/li>\n<li data-start=\"719\" data-end=\"785\">\n<p data-start=\"721\" data-end=\"785\"><strong data-start=\"721\" data-end=\"747\">06 autoridades locales<\/strong>, quienes respaldaron la iniciativa.<\/p>\n<\/li>\n<\/ul>\n<p data-start=\"787\" data-end=\"1353\">Durante el evento, los asistentes participaron en actividades de bienvenida, registro y conformaci\u00f3n de grupos por edades. Tambi\u00e9n recibieron una inducci\u00f3n sobre normas, medidas de seguridad y el cronograma de actividades. Como parte de la inauguraci\u00f3n, se disfrut\u00f3 de una presentaci\u00f3n art\u00edstica a cargo del grupo de danza del GAD del cant\u00f3n Nangaritza, as\u00ed como la presentaci\u00f3n oficial de los instructores del campamento. Los padres de familia tambi\u00e9n recibieron indicaciones generales y todos los participantes compartieron un refrigerio al finalizar la jornada.<\/p>\n<p data-start=\"1355\" data-end=\"1567\">Estas acciones fortalecen el v\u00ednculo entre la Polic\u00eda Nacional y la comunidad, demostrando que servir con vocaci\u00f3n tambi\u00e9n significa construir espacios de paz, aprendizaje y alegr\u00eda para nuestros ni\u00f1os y ni\u00f1as.<\/p>\n<p data-start=\"1569\" data-end=\"1753\" data-is-last-node=\"\" data-is-only-node=\"\">La ciudadan\u00eda expres\u00f3 su agradecimiento a la Polic\u00eda Nacional por su trabajo cercano y comprometido, que va m\u00e1s all\u00e1 de la seguridad para promover el bienestar integral de la sociedad.<\/p>\n","protected":false},"excerpt":{"rendered":"<p>En el marco de las actividades preventivas y comunitarias que impulsa la Polic\u00eda Nacional del Ecuador, este lunes 7 de julio de 2025, en el parque central de Guayzimi, se realiz\u00f3 la inauguraci\u00f3n oficial del campamento vacacional \u201cPOLI SCOUT\u201d, dirigido a ni\u00f1as y ni\u00f1os del sector para fomentar la convivencia, los valores y la confianza [&hellip;]<\/p>\n","protected":false},"author":1,"featured_media":13557,"comment_status":"open","ping_status":"open","sticky":false,"template":"","format":"standard","meta":{"footnotes":""},"categories":[9],"tags":[],"_links":{"self":[{"href":"https:\/\/infozamoraec.com\/index.php\/wp-json\/wp\/v2\/posts\/13556"}],"collection":[{"href":"https:\/\/infozamoraec.com\/index.php\/wp-json\/wp\/v2\/posts"}],"about":[{"href":"https:\/\/infozamoraec.com\/index.php\/wp-json\/wp\/v2\/types\/post"}],"author":[{"embeddable":true,"href":"https:\/\/infozamoraec.com\/index.php\/wp-json\/wp\/v2\/users\/1"}],"replies":[{"embeddable":true,"href":"https:\/\/infozamoraec.com\/index.php\/wp-json\/wp\/v2\/comments?post=13556"}],"version-history":[{"count":1,"href":"https:\/\/infozamoraec.com\/index.php\/wp-json\/wp\/v2\/posts\/13556\/revisions"}],"predecessor-version":[{"id":13558,"href":"https:\/\/infozamoraec.com\/index.php\/wp-json\/wp\/v2\/posts\/13556\/revisions\/13558"}],"wp:featuredmedia":[{"embeddable":true,"href":"https:\/\/infozamoraec.com\/index.php\/wp-json\/wp\/v2\/media\/13557"}],"wp:attachment":[{"href":"https:\/\/infozamoraec.com\/index.php\/wp-json\/wp\/v2\/media?parent=13556"}],"wp:term":[{"taxonomy":"category","embeddable":true,"href":"https:\/\/infozamoraec.com\/index.php\/wp-json\/wp\/v2\/categories?post=13556"},{"taxonomy":"post_tag","embeddable":true,"href":"https:\/\/infozamoraec.com\/index.php\/wp-json\/wp\/v2\/tags?post=13556"}],"curies":[{"name":"wp","href":"https:\/\/api.w.org\/{rel}","templated":true}]}}