{"id":13483,"date":"2025-07-04T03:10:16","date_gmt":"2025-07-04T03:10:16","guid":{"rendered":"https:\/\/infozamoraec.com\/?p=13483"},"modified":"2025-07-04T03:10:16","modified_gmt":"2025-07-04T03:10:16","slug":"concejo-cantonal-de-zamora-detalla-proceso-de-remocion-del-alcalde-victor-gonzalez","status":"publish","type":"post","link":"https:\/\/infozamoraec.com\/index.php\/2025\/07\/04\/concejo-cantonal-de-zamora-detalla-proceso-de-remocion-del-alcalde-victor-gonzalez\/","title":{"rendered":"Concejo Cantonal de Zamora detalla proceso de remoci\u00f3n del alcalde V\u00edctor Gonz\u00e1lez"},"content":{"rendered":"<p data-start=\"160\" data-end=\"516\">Mediante una rueda de prensa realizada el pasado 1 de julio, los concejales Wilmer Espinoza y Fran Regalado informaron a la ciudadan\u00eda sobre el desarrollo y estado actual del proceso de remoci\u00f3n del alcalde V\u00edctor Manuel Gonz\u00e1lez Salinas, iniciado tras la sesi\u00f3n extraordinaria del Concejo Cantonal celebrada el 20 de junio.<\/p>\n<p data-start=\"518\" data-end=\"848\">Durante su intervenci\u00f3n, el concejal Wilmer Espinoza explic\u00f3 que la denuncia fue presentada por el ciudadano Di\u00f3menes Rodas, quien aleg\u00f3 dos causales: el supuesto incumplimiento de una sentencia constitucional sobre el uso de la figura de la \u00absilla vac\u00eda\u00bb y la suscripci\u00f3n de un acta de colindancia sin autorizaci\u00f3n del concejo.<\/p>\n<p data-start=\"850\" data-end=\"1318\">Espinoza detall\u00f3 que, conforme a los art\u00edculos 335 y 336 del COOTAD, la vicealcaldesa convoc\u00f3 a la conformaci\u00f3n de la Comisi\u00f3n de Mesa, ya que ni el alcalde (al ser el denunciado) ni la vicealcaldesa (por inter\u00e9s directo) pod\u00edan integrarla. La Comisi\u00f3n fue conformada por los concejales Wilmer Espinoza, Fran Regalado y Jofre \u00cd\u00f1iguez, designados por sus compa\u00f1eros Santiago Cabrera y Ximena Monta\u00f1o, respetando las disposiciones legales y las ordenanzas municipales.<\/p>\n<p data-start=\"1320\" data-end=\"1610\">El proceso, in\u00e9dito en la historia reciente del cant\u00f3n, oblig\u00f3 al cuerpo edil a buscar asesor\u00eda jur\u00eddica externa para garantizar el debido proceso. La denuncia inicial fue inadmitida por no cumplir con los requisitos formales, pero tras su correcci\u00f3n se procedi\u00f3 con el an\u00e1lisis de fondo.<\/p>\n<p data-start=\"1612\" data-end=\"1995\">La Comisi\u00f3n escuch\u00f3 tanto al denunciante como al alcalde y revis\u00f3 las pruebas presentadas. Espinoza precis\u00f3 que las causales carec\u00edan de sustento legal, citando, por ejemplo, que la sentencia de la Corte Constitucional mencionada como prueba no atribu\u00eda responsabilidad al alcalde y que la firma del acta de colindancia no constitu\u00eda una falta suficiente para justificar la remoci\u00f3n.<\/p>\n<p data-start=\"1997\" data-end=\"2322\">Por su parte, el concejal Fran Regalado destac\u00f3 la transparencia y rigurosidad del proceso. Record\u00f3 que la Corte Constitucional aclar\u00f3 que la figura de la \u00absilla vac\u00eda\u00bb solo puede ejercerse mediante organizaciones legalmente constituidas y no de manera individual, lo que desvirt\u00faa una de las principales causales alegadas.<\/p>\n<p data-start=\"2324\" data-end=\"2710\">Regalado enfatiz\u00f3 que la Comisi\u00f3n de Mesa actu\u00f3 de manera imparcial y t\u00e9cnica, priorizando la legalidad y los principios institucionales por encima de intereses pol\u00edticos. Ambos concejales coincidieron en que el informe final ya ha sido remitido a la vicealcaldesa, quien deber\u00e1 convocar a una nueva sesi\u00f3n del Concejo Cantonal para conocerlo y resolver conforme a la normativa vigente.<\/p>\n<p data-start=\"2712\" data-end=\"2941\" data-is-last-node=\"\" data-is-only-node=\"\">Finalmente, los concejales reiteraron el compromiso del Concejo Cantonal con la \u00e9tica, la transparencia y el inter\u00e9s ciudadano, asegurando que todo el proceso se ha desarrollado con apego a la ley y responsabilidad institucional.<\/p>\n","protected":false},"excerpt":{"rendered":"<p>Mediante una rueda de prensa realizada el pasado 1 de julio, los concejales Wilmer Espinoza y Fran Regalado informaron a la ciudadan\u00eda sobre el desarrollo y estado actual del proceso de remoci\u00f3n del alcalde V\u00edctor Manuel Gonz\u00e1lez Salinas, iniciado tras la sesi\u00f3n extraordinaria del Concejo Cantonal celebrada el 20 de junio. Durante su intervenci\u00f3n, el [&hellip;]<\/p>\n","protected":false},"author":1,"featured_media":13484,"comment_status":"open","ping_status":"open","sticky":false,"template":"","format":"standard","meta":{"footnotes":""},"categories":[9],"tags":[],"_links":{"self":[{"href":"https:\/\/infozamoraec.com\/index.php\/wp-json\/wp\/v2\/posts\/13483"}],"collection":[{"href":"https:\/\/infozamoraec.com\/index.php\/wp-json\/wp\/v2\/posts"}],"about":[{"href":"https:\/\/infozamoraec.com\/index.php\/wp-json\/wp\/v2\/types\/post"}],"author":[{"embeddable":true,"href":"https:\/\/infozamoraec.com\/index.php\/wp-json\/wp\/v2\/users\/1"}],"replies":[{"embeddable":true,"href":"https:\/\/infozamoraec.com\/index.php\/wp-json\/wp\/v2\/comments?post=13483"}],"version-history":[{"count":1,"href":"https:\/\/infozamoraec.com\/index.php\/wp-json\/wp\/v2\/posts\/13483\/revisions"}],"predecessor-version":[{"id":13485,"href":"https:\/\/infozamoraec.com\/index.php\/wp-json\/wp\/v2\/posts\/13483\/revisions\/13485"}],"wp:featuredmedia":[{"embeddable":true,"href":"https:\/\/infozamoraec.com\/index.php\/wp-json\/wp\/v2\/media\/13484"}],"wp:attachment":[{"href":"https:\/\/infozamoraec.com\/index.php\/wp-json\/wp\/v2\/media?parent=13483"}],"wp:term":[{"taxonomy":"category","embeddable":true,"href":"https:\/\/infozamoraec.com\/index.php\/wp-json\/wp\/v2\/categories?post=13483"},{"taxonomy":"post_tag","embeddable":true,"href":"https:\/\/infozamoraec.com\/index.php\/wp-json\/wp\/v2\/tags?post=13483"}],"curies":[{"name":"wp","href":"https:\/\/api.w.org\/{rel}","templated":true}]}}