{"id":13480,"date":"2025-07-04T02:54:02","date_gmt":"2025-07-04T02:54:02","guid":{"rendered":"https:\/\/infozamoraec.com\/?p=13480"},"modified":"2025-07-04T02:54:02","modified_gmt":"2025-07-04T02:54:02","slug":"la-prefectura-activa-todos-sus-frentes-para-enfrentar-la-emergencia-vial-y-social-en-la-provincia","status":"publish","type":"post","link":"https:\/\/infozamoraec.com\/index.php\/2025\/07\/04\/la-prefectura-activa-todos-sus-frentes-para-enfrentar-la-emergencia-vial-y-social-en-la-provincia\/","title":{"rendered":"La Prefectura activa todos sus frentes para enfrentar la emergencia vial y social en la provincia"},"content":{"rendered":"<p><span lang=\"ES\">La Prefectura de Zamora Chinchipe a trav\u00e9s de sus cinco frentes de trabajo, mantiene operativa su maquinaria y personal t\u00e9cnico en todo el territorio provincial, con el objetivo de habilitar las v\u00edas afectadas por m\u00faltiples derrumbes generados por las intensas lluvias. Esta emergencia ha dejado decenas de familias damnificadas, adem\u00e1s de severas p\u00e9rdidas en cultivos, animales y bienes de primera necesidad.<\/span><\/p>\n<p><span lang=\"ES\">La prefecta Karla Re\u00e1tegui, presente en territorio, lidera la coordinaci\u00f3n de las acciones prioritarias, centradas en restablecer la conectividad vial para garantizar el acceso a servicios b\u00e1sicos y asistencia humanitaria. En ese contexto, la autoridad provincial hace un llamado urgente al Gobierno Nacional para que declare en emergencia a la provincia de Zamora Chinchipe y se asignen los recursos necesarios para afrontar esta situaci\u00f3n cr\u00edtica. Entre las necesidades prioritarias se encuentran la rehabilitaci\u00f3n de v\u00edas y puentes, as\u00ed como la reubicaci\u00f3n de las familias que han perdido sus viviendas.<\/span><\/p>\n<p><span lang=\"ES\">\u00a0<\/span><span lang=\"ES\">A pesar que la emergencia invernal ha superado la capacidad operativa de la Prefectura de Zamora Chinchipe, para atender las m\u00faltiples emergencias, desde los diferentes frentes de trabajo se ha logrado habilitar las siguientes arterias viales: Zamora-Sakantza; Sakantza-Mart\u00edn Ujukam; Zumbi-Paquisha; Cusuntza-Nambija Bajo; Cumbaratza-Nam\u00edrez; San Pablo Bajo-San Pablo Alto; Muchime-28 de mayo; 28 de mayo-Nueva Esperanza; Yacuambi-Saraguro.<\/span><\/p>\n<p><span lang=\"ES\">La infraestructura p\u00fablica tambi\u00e9n ha sufrido importantes da\u00f1os: colapso de puentes vehiculares y peatonales, p\u00e9rdida de calzadas y aislamiento de varias comunidades rurales. Sumando hasta la fecha, m\u00e1s de 200 familias afectadas en Zamora, Yantzaza, Paquisha, y El Pangui, esto seg\u00fan la informaci\u00f3n de la Secretar\u00eda de Gesti\u00f3n de Riesgos.<\/span><\/p>\n<p><span lang=\"ES\">Zonas afectadas: v\u00eda antigua Loja-Zamora; La Saquea-Guaguayme; La Pituca-Romerillos Alto; La Pituca-Pituca Alto; Pituca-Numbami; Romerillos Las Dantas; Zamora-Genairo; Los Dos Hermanos-El Queque; San Carlos de las Minas-Los Laureles; Chamico-Nambija Bajo; entre otros tramos afectados en todos los cantones de la provincia, actualmente suman m\u00e1s de 50 emergencias reportadas.<\/span><\/p>\n<p><span lang=\"ES\">Paralelamente, desde la Prefectura se avanza en la declaratoria de emergencia institucional, que permitir\u00e1 agilizar la adquisici\u00f3n de insumos, materiales y ayuda humanitaria para atender a la poblaci\u00f3n afectada.<\/span><\/p>\n<p><span lang=\"ES\">\u00a0<\/span><span lang=\"ES\">La Prefectura reitera su compromiso de continuar trabajando sin descanso por el bienestar de las familias zamorano chinchipenses, con solidaridad, responsabilidad y acci\u00f3n directa, destacando la coordinaci\u00f3n institucional con todas las autoridades locales, tanto Gobiernos Parroquiales, Municipales, entidades gubernamentales, Cruz Roja, Cuerpo de Bomberos, Fuerzas Armadas, Polic\u00eda Nacional.<\/span><\/p>\n<p><span lang=\"ES\">\u00a0<\/span><\/p>\n<p><b><span lang=\"ES\">Dato:<\/span><\/b><\/p>\n<p><span lang=\"ES\">Albergues habilitados<\/span><\/p>\n<p><span lang=\"ES\">\u2022\u00a0\u00a0\u00a0\u00a0\u00a0\u00a0\u00a0\u00a0\u00a0\u00a0\u00a0\u00a0 Casa de retiro de Cumbaratza<\/span><\/p>\n<p><span lang=\"ES\">\u2022\u00a0\u00a0\u00a0\u00a0\u00a0\u00a0\u00a0\u00a0\u00a0\u00a0\u00a0\u00a0 Casa comunal en Nambija Bajo<\/span><\/p>\n<p><span lang=\"ES\">\u2022\u00a0\u00a0\u00a0\u00a0\u00a0\u00a0\u00a0\u00a0\u00a0\u00a0\u00a0\u00a0 Escuela de Namirez<\/span><\/p>\n<p><span lang=\"ES\">\u2022\u00a0\u00a0\u00a0\u00a0\u00a0\u00a0\u00a0\u00a0\u00a0\u00a0\u00a0\u00a0 Cancha cubierta de Chamico<\/span><\/p>\n<p><span lang=\"ES\">\u2022\u00a0\u00a0\u00a0\u00a0\u00a0\u00a0\u00a0\u00a0\u00a0\u00a0\u00a0\u00a0 Cancha cubierta de Nambija Bajo<\/span><\/p>\n<p><span lang=\"ES\">\u2022\u00a0\u00a0\u00a0\u00a0\u00a0\u00a0\u00a0\u00a0\u00a0\u00a0\u00a0\u00a0 Coliseo Deportivo de Yantzaza<\/span><\/p>\n<p><span lang=\"ES\">Para quienes puedan donar, seg\u00fan los reportes se necesita: Cobijas; Ropa en buen estado; Comida preparada; alimentos no perecibles; Agua embotellada.<\/span><\/p>\n","protected":false},"excerpt":{"rendered":"<p>La Prefectura de Zamora Chinchipe a trav\u00e9s de sus cinco frentes de trabajo, mantiene operativa su maquinaria y personal t\u00e9cnico en todo el territorio provincial, con el objetivo de habilitar las v\u00edas afectadas por m\u00faltiples derrumbes generados por las intensas lluvias. Esta emergencia ha dejado decenas de familias damnificadas, adem\u00e1s de severas p\u00e9rdidas en cultivos, [&hellip;]<\/p>\n","protected":false},"author":1,"featured_media":13481,"comment_status":"open","ping_status":"open","sticky":false,"template":"","format":"standard","meta":{"footnotes":""},"categories":[9],"tags":[],"_links":{"self":[{"href":"https:\/\/infozamoraec.com\/index.php\/wp-json\/wp\/v2\/posts\/13480"}],"collection":[{"href":"https:\/\/infozamoraec.com\/index.php\/wp-json\/wp\/v2\/posts"}],"about":[{"href":"https:\/\/infozamoraec.com\/index.php\/wp-json\/wp\/v2\/types\/post"}],"author":[{"embeddable":true,"href":"https:\/\/infozamoraec.com\/index.php\/wp-json\/wp\/v2\/users\/1"}],"replies":[{"embeddable":true,"href":"https:\/\/infozamoraec.com\/index.php\/wp-json\/wp\/v2\/comments?post=13480"}],"version-history":[{"count":1,"href":"https:\/\/infozamoraec.com\/index.php\/wp-json\/wp\/v2\/posts\/13480\/revisions"}],"predecessor-version":[{"id":13482,"href":"https:\/\/infozamoraec.com\/index.php\/wp-json\/wp\/v2\/posts\/13480\/revisions\/13482"}],"wp:featuredmedia":[{"embeddable":true,"href":"https:\/\/infozamoraec.com\/index.php\/wp-json\/wp\/v2\/media\/13481"}],"wp:attachment":[{"href":"https:\/\/infozamoraec.com\/index.php\/wp-json\/wp\/v2\/media?parent=13480"}],"wp:term":[{"taxonomy":"category","embeddable":true,"href":"https:\/\/infozamoraec.com\/index.php\/wp-json\/wp\/v2\/categories?post=13480"},{"taxonomy":"post_tag","embeddable":true,"href":"https:\/\/infozamoraec.com\/index.php\/wp-json\/wp\/v2\/tags?post=13480"}],"curies":[{"name":"wp","href":"https:\/\/api.w.org\/{rel}","templated":true}]}}