{"id":13476,"date":"2025-07-03T20:10:57","date_gmt":"2025-07-03T20:10:57","guid":{"rendered":"https:\/\/infozamoraec.com\/?p=13476"},"modified":"2025-07-03T20:10:57","modified_gmt":"2025-07-03T20:10:57","slug":"deslizamientos-y-perdida-de-calzada-cierran-temporalmente-la-via-martin-ujukam-sakantza-la-pituca","status":"publish","type":"post","link":"https:\/\/infozamoraec.com\/index.php\/2025\/07\/03\/deslizamientos-y-perdida-de-calzada-cierran-temporalmente-la-via-martin-ujukam-sakantza-la-pituca\/","title":{"rendered":"Deslizamientos y p\u00e9rdida de calzada cierran temporalmente la v\u00eda Mart\u00edn Ujukam \u2013 Sakantza \u2013 La Pituca"},"content":{"rendered":"<p>La v\u00eda que conecta los sectores Mart\u00edn Ujukam, Sakantza y La Pituca permanece moment\u00e1neamente cerrada debido a deslizamientos de tierra y la p\u00e9rdida de un tramo de la calzada, provocados por las intensas lluvias que azotan la provincia.<\/p>\n<p>Personal y maquinaria del Distrito \u201cA\u201d ya se encuentran trabajando en la limpieza del talud y en la habilitaci\u00f3n del paso, bajo la coordinaci\u00f3n directa de la prefecta Karla Re\u00e1tegui, quien dispuso asistencia inmediata para atender la emergencia.<\/p>\n<p>Desde la Prefectura se hizo un llamado a la ciudadan\u00eda para que conduzca con prevenci\u00f3n y precauci\u00f3n, especialmente en estas jornadas de fuerte temporal, reafirmando su compromiso con las comunidades, zonas rurales y productores que sostienen la econom\u00eda local.<\/p>\n","protected":false},"excerpt":{"rendered":"<p>La v\u00eda que conecta los sectores Mart\u00edn Ujukam, Sakantza y La Pituca permanece moment\u00e1neamente cerrada debido a deslizamientos de tierra y la p\u00e9rdida de un tramo de la calzada, provocados por las intensas lluvias que azotan la provincia. Personal y maquinaria del Distrito \u201cA\u201d ya se encuentran trabajando en la limpieza del talud y en [&hellip;]<\/p>\n","protected":false},"author":1,"featured_media":13477,"comment_status":"open","ping_status":"open","sticky":false,"template":"","format":"standard","meta":{"footnotes":""},"categories":[9],"tags":[],"_links":{"self":[{"href":"https:\/\/infozamoraec.com\/index.php\/wp-json\/wp\/v2\/posts\/13476"}],"collection":[{"href":"https:\/\/infozamoraec.com\/index.php\/wp-json\/wp\/v2\/posts"}],"about":[{"href":"https:\/\/infozamoraec.com\/index.php\/wp-json\/wp\/v2\/types\/post"}],"author":[{"embeddable":true,"href":"https:\/\/infozamoraec.com\/index.php\/wp-json\/wp\/v2\/users\/1"}],"replies":[{"embeddable":true,"href":"https:\/\/infozamoraec.com\/index.php\/wp-json\/wp\/v2\/comments?post=13476"}],"version-history":[{"count":2,"href":"https:\/\/infozamoraec.com\/index.php\/wp-json\/wp\/v2\/posts\/13476\/revisions"}],"predecessor-version":[{"id":13479,"href":"https:\/\/infozamoraec.com\/index.php\/wp-json\/wp\/v2\/posts\/13476\/revisions\/13479"}],"wp:featuredmedia":[{"embeddable":true,"href":"https:\/\/infozamoraec.com\/index.php\/wp-json\/wp\/v2\/media\/13477"}],"wp:attachment":[{"href":"https:\/\/infozamoraec.com\/index.php\/wp-json\/wp\/v2\/media?parent=13476"}],"wp:term":[{"taxonomy":"category","embeddable":true,"href":"https:\/\/infozamoraec.com\/index.php\/wp-json\/wp\/v2\/categories?post=13476"},{"taxonomy":"post_tag","embeddable":true,"href":"https:\/\/infozamoraec.com\/index.php\/wp-json\/wp\/v2\/tags?post=13476"}],"curies":[{"name":"wp","href":"https:\/\/api.w.org\/{rel}","templated":true}]}}