{"id":13472,"date":"2025-07-03T20:03:57","date_gmt":"2025-07-03T20:03:57","guid":{"rendered":"https:\/\/infozamoraec.com\/?p=13472"},"modified":"2025-07-03T20:03:57","modified_gmt":"2025-07-03T20:03:57","slug":"policia-y-fuerzas-armadas-auxilian-a-personas-incomunicadas-en-la-via-loja-zamora","status":"publish","type":"post","link":"https:\/\/infozamoraec.com\/index.php\/2025\/07\/03\/policia-y-fuerzas-armadas-auxilian-a-personas-incomunicadas-en-la-via-loja-zamora\/","title":{"rendered":"Polic\u00eda y Fuerzas Armadas auxilian a personas incomunicadas en la v\u00eda Loja\u2013Zamora"},"content":{"rendered":"<p data-start=\"131\" data-end=\"403\">La Polic\u00eda Nacional del Ecuador, junto a las Fuerzas Armadas, demostr\u00f3 una vez m\u00e1s su compromiso con la ciudadan\u00eda al acudir en auxilio de decenas de personas que quedaron incomunicadas por los deslizamientos en la v\u00eda Loja\u2013Zamora.<\/p>\n<p data-start=\"405\" data-end=\"672\">Este mi\u00e9rcoles, 20 polic\u00edas y 45 militares realizaron un desplazamiento a pie por la monta\u00f1a hasta los kil\u00f3metros 40 y 42, sectores afectados por las intensas lluvias, para entregar raciones alimenticias, priorizando a ni\u00f1os, adultos mayores y personas vulnerables.<\/p>\n<p data-start=\"674\" data-end=\"854\">Gracias a esta labor coordinada, varios ciudadanos fueron evacuados y trasladados de manera segura hacia la ciudad de Zamora, en una muestra de esfuerzo, humanidad y solidaridad.<\/p>\n<p data-start=\"856\" data-end=\"1035\" data-is-last-node=\"\" data-is-only-node=\"\">Las instituciones de seguridad ratificaron que su trabajo no se detiene en la provincia y que seguir\u00e1n acompa\u00f1ando y apoyando a las familias afectadas en estos momentos dif\u00edciles.<\/p>\n","protected":false},"excerpt":{"rendered":"<p>La Polic\u00eda Nacional del Ecuador, junto a las Fuerzas Armadas, demostr\u00f3 una vez m\u00e1s su compromiso con la ciudadan\u00eda al acudir en auxilio de decenas de personas que quedaron incomunicadas por los deslizamientos en la v\u00eda Loja\u2013Zamora. Este mi\u00e9rcoles, 20 polic\u00edas y 45 militares realizaron un desplazamiento a pie por la monta\u00f1a hasta los kil\u00f3metros [&hellip;]<\/p>\n","protected":false},"author":1,"featured_media":13473,"comment_status":"open","ping_status":"open","sticky":false,"template":"","format":"standard","meta":{"footnotes":""},"categories":[9],"tags":[],"_links":{"self":[{"href":"https:\/\/infozamoraec.com\/index.php\/wp-json\/wp\/v2\/posts\/13472"}],"collection":[{"href":"https:\/\/infozamoraec.com\/index.php\/wp-json\/wp\/v2\/posts"}],"about":[{"href":"https:\/\/infozamoraec.com\/index.php\/wp-json\/wp\/v2\/types\/post"}],"author":[{"embeddable":true,"href":"https:\/\/infozamoraec.com\/index.php\/wp-json\/wp\/v2\/users\/1"}],"replies":[{"embeddable":true,"href":"https:\/\/infozamoraec.com\/index.php\/wp-json\/wp\/v2\/comments?post=13472"}],"version-history":[{"count":2,"href":"https:\/\/infozamoraec.com\/index.php\/wp-json\/wp\/v2\/posts\/13472\/revisions"}],"predecessor-version":[{"id":13475,"href":"https:\/\/infozamoraec.com\/index.php\/wp-json\/wp\/v2\/posts\/13472\/revisions\/13475"}],"wp:featuredmedia":[{"embeddable":true,"href":"https:\/\/infozamoraec.com\/index.php\/wp-json\/wp\/v2\/media\/13473"}],"wp:attachment":[{"href":"https:\/\/infozamoraec.com\/index.php\/wp-json\/wp\/v2\/media?parent=13472"}],"wp:term":[{"taxonomy":"category","embeddable":true,"href":"https:\/\/infozamoraec.com\/index.php\/wp-json\/wp\/v2\/categories?post=13472"},{"taxonomy":"post_tag","embeddable":true,"href":"https:\/\/infozamoraec.com\/index.php\/wp-json\/wp\/v2\/tags?post=13472"}],"curies":[{"name":"wp","href":"https:\/\/api.w.org\/{rel}","templated":true}]}}