{"id":13453,"date":"2025-07-03T16:24:05","date_gmt":"2025-07-03T16:24:05","guid":{"rendered":"https:\/\/infozamoraec.com\/?p=13453"},"modified":"2025-07-03T16:24:05","modified_gmt":"2025-07-03T16:24:05","slug":"mies-activa-sus-equipos-tecnicos-y-entrega-kits-con-ayuda-humanitaria-a-familias-afectadas-en-papallacta-y-zamora-chinchipe","status":"publish","type":"post","link":"https:\/\/infozamoraec.com\/index.php\/2025\/07\/03\/mies-activa-sus-equipos-tecnicos-y-entrega-kits-con-ayuda-humanitaria-a-familias-afectadas-en-papallacta-y-zamora-chinchipe\/","title":{"rendered":"MIES activa sus equipos t\u00e9cnicos y entrega kits con ayuda humanitaria a familias afectadas en Papallacta y Zamora Chinchipe"},"content":{"rendered":"<p>Ante las emergencias naturales registradas en la parroquia de Papallacta y la provincia de Zamora Chinchipe, el presidente Daniel Noboa dispuso la activaci\u00f3n de todo el contingente gubernamental para responder de manera inmediata y llegar con ayuda oportuna a las familias afectadas.<\/p>\n<p>Inmediatamente, el ministro de Inclusi\u00f3n Econ\u00f3mica y Social, Harold Burbano, dispuso la activaci\u00f3n de los equipos t\u00e9cnicos de esta cartera de Estado para atender a los damnificados.<\/p>\n<p>En la parroquia de Papallacta, del cant\u00f3n Quijos, provincia de Napo, se registr\u00f3 un aluvi\u00f3n en el sector El Tambo, causando da\u00f1os y destrucci\u00f3n en varias viviendas y afectando a varias familias.<\/p>\n<p>Hasta ese lugar se traslad\u00f3 la viceministra de Inclusi\u00f3n Econ\u00f3mica del MIES, Andrea Lasso, para brindar atenci\u00f3n a las familias que permanecen en el albergue temporal que se habilit\u00f3 en la casa comunal de Papallacta y entregar 24 kits con alimentos, 17 kits con vestimenta y 4 colchones.<\/p>\n<p>Asimismo, se coordinan acciones con el Comit\u00e9 de Operaciones de Emergencia (COE) Cantonal y otras instituciones de Gobierno, con el fin de brindar una atenci\u00f3n integral a los damnificados. El MIES tambi\u00e9n ha previsto la activaci\u00f3n del Bono de Contingencia por desastres naturales y eventos antr\u00f3picos para 4 familias damnificadas.<\/p>\n<p>Adem\u00e1s, el MIES habilit\u00f3 las oficinas de su Coordinaci\u00f3n Zonal 2, ubicada en la Avenida Pano y V\u00edctor Hugo Sanmiguel, de la ciudad de Tena, como punto de recepci\u00f3n de donaciones y en donde la ciudadan\u00eda podr\u00e1 donar alimentos no perecibles, insumos de aseo, vituallas y agua embotellada, que se entregar\u00e1n a las familias afectadas.<\/p>\n<p>De igual manera, en la provincia de Zamora Chinchipe equipo t\u00e9cnico del MIES est\u00e1 desplegado en varios sectores, para atender a alrededor de 250 familias afectadas por las inundaciones que se han registrado en los \u00faltimos d\u00edas, debido a las intensas lluvias.<\/p>\n<p>Junto a la Secretar\u00eda Nacional de Gesti\u00f3n de Riesgos y los municipios de Zamora, Yacuambi, El Pangui, Centinela del Condor y Nangaritza, se recorren las zonas afectadas para brindar los primeros auxilios psicol\u00f3gicos, levantar informaci\u00f3n de familias afectadas y evacuar a los damnificados.<\/p>\n<p>Se entregaron 30 kits con ayuda humanitaria a familias que permanecen en el albergue temporal que se habilit\u00f3 en el coliseo de la ciudad de Yanzatza. Tambi\u00e9n se instal\u00f3 un albergue provisional en el sector Namirez para las personas afectadas del barrio Chamico y en donde permanecen 20 familias.<\/p>\n<p>Los equipos t\u00e9cnicos est\u00e1n levantando la informaci\u00f3n respectiva para ver una posible entrega del Bono de Contingencia para los afectados y se habilit\u00f3 un punto de acopio en las oficinas de la distrital Zamora del MIES, calles Diego de Vaca y Jose Luis Tamayo, en la ciudad de Zamora, para recibir donaciones de la ciudadan\u00eda.<\/p>\n<p>&nbsp;<\/p>\n","protected":false},"excerpt":{"rendered":"<p>Ante las emergencias naturales registradas en la parroquia de Papallacta y la provincia de Zamora Chinchipe, el presidente Daniel Noboa dispuso la activaci\u00f3n de todo el contingente gubernamental para responder de manera inmediata y llegar con ayuda oportuna a las familias afectadas. Inmediatamente, el ministro de Inclusi\u00f3n Econ\u00f3mica y Social, Harold Burbano, dispuso la activaci\u00f3n [&hellip;]<\/p>\n","protected":false},"author":1,"featured_media":13454,"comment_status":"open","ping_status":"open","sticky":false,"template":"","format":"standard","meta":{"footnotes":""},"categories":[9],"tags":[],"_links":{"self":[{"href":"https:\/\/infozamoraec.com\/index.php\/wp-json\/wp\/v2\/posts\/13453"}],"collection":[{"href":"https:\/\/infozamoraec.com\/index.php\/wp-json\/wp\/v2\/posts"}],"about":[{"href":"https:\/\/infozamoraec.com\/index.php\/wp-json\/wp\/v2\/types\/post"}],"author":[{"embeddable":true,"href":"https:\/\/infozamoraec.com\/index.php\/wp-json\/wp\/v2\/users\/1"}],"replies":[{"embeddable":true,"href":"https:\/\/infozamoraec.com\/index.php\/wp-json\/wp\/v2\/comments?post=13453"}],"version-history":[{"count":2,"href":"https:\/\/infozamoraec.com\/index.php\/wp-json\/wp\/v2\/posts\/13453\/revisions"}],"predecessor-version":[{"id":13456,"href":"https:\/\/infozamoraec.com\/index.php\/wp-json\/wp\/v2\/posts\/13453\/revisions\/13456"}],"wp:featuredmedia":[{"embeddable":true,"href":"https:\/\/infozamoraec.com\/index.php\/wp-json\/wp\/v2\/media\/13454"}],"wp:attachment":[{"href":"https:\/\/infozamoraec.com\/index.php\/wp-json\/wp\/v2\/media?parent=13453"}],"wp:term":[{"taxonomy":"category","embeddable":true,"href":"https:\/\/infozamoraec.com\/index.php\/wp-json\/wp\/v2\/categories?post=13453"},{"taxonomy":"post_tag","embeddable":true,"href":"https:\/\/infozamoraec.com\/index.php\/wp-json\/wp\/v2\/tags?post=13453"}],"curies":[{"name":"wp","href":"https:\/\/api.w.org\/{rel}","templated":true}]}}