{"id":13443,"date":"2025-07-03T16:09:46","date_gmt":"2025-07-03T16:09:46","guid":{"rendered":"https:\/\/infozamoraec.com\/?p=13443"},"modified":"2025-07-03T16:09:46","modified_gmt":"2025-07-03T16:09:46","slug":"coe-cantonal-de-zamora-activa-albergues-y-coordina-ayuda-humanitaria-ante-emergencia-invernal","status":"publish","type":"post","link":"https:\/\/infozamoraec.com\/index.php\/2025\/07\/03\/coe-cantonal-de-zamora-activa-albergues-y-coordina-ayuda-humanitaria-ante-emergencia-invernal\/","title":{"rendered":"COE Cantonal de Zamora activa albergues y coordina ayuda humanitaria ante emergencia invernal"},"content":{"rendered":"<p data-start=\"101\" data-end=\"393\">Ante las intensas lluvias y las afectaciones por el desbordamiento del r\u00edo Zamora, el <strong data-start=\"218\" data-end=\"244\">COE Cantonal de Zamora<\/strong> sesion\u00f3 de manera presencial este mi\u00e9rcoles y resolvi\u00f3, por unanimidad, una serie de medidas para atender la emergencia y proteger a la poblaci\u00f3n.<\/p>\n<p data-start=\"395\" data-end=\"672\">Entre las decisiones adoptadas destacan la <strong data-start=\"438\" data-end=\"465\">activaci\u00f3n de albergues<\/strong> en la parroquia Cumbaratza, espec\u00edficamente en la <em data-start=\"516\" data-end=\"559\">Casa de retiros del Movimiento Juan XXIII<\/em> (barrio Rancho Alegre) y en la <em data-start=\"591\" data-end=\"629\">Casa comunal del barrio Nambija Bajo<\/em>, destinados a las familias damnificadas.<\/p>\n<p data-start=\"674\" data-end=\"946\">Asimismo, se dispuso levantar informaci\u00f3n t\u00e9cnica sobre las afectaciones a infraestructuras p\u00fablicas y damnificados del cant\u00f3n, y coordinar con la <strong data-start=\"821\" data-end=\"830\">SNGRE<\/strong> la entrega de ayuda humanitaria, como kits de dormir, cocina y alimentos para los afectados por las inundaciones.<\/p>\n<p data-start=\"948\" data-end=\"1211\">El COE tambi\u00e9n solicit\u00f3 al departamento de Comunicaci\u00f3n Municipal reforzar las campa\u00f1as de concientizaci\u00f3n ciudadana sobre los riesgos de construir en m\u00e1rgenes de r\u00edos y quebradas, e inst\u00f3 a las familias a trasladarse a zonas seguras en caso de nuevas crecidas.<\/p>\n<p data-start=\"1213\" data-end=\"1397\">Finalmente, se decidi\u00f3 poner en conocimiento del <strong data-start=\"1262\" data-end=\"1280\">COE Provincial<\/strong> las resoluciones adoptadas y recomendar la declaratoria de emergencia provincial por la actual temporada invernal.<\/p>\n","protected":false},"excerpt":{"rendered":"<p>Ante las intensas lluvias y las afectaciones por el desbordamiento del r\u00edo Zamora, el COE Cantonal de Zamora sesion\u00f3 de manera presencial este mi\u00e9rcoles y resolvi\u00f3, por unanimidad, una serie de medidas para atender la emergencia y proteger a la poblaci\u00f3n. Entre las decisiones adoptadas destacan la activaci\u00f3n de albergues en la parroquia Cumbaratza, espec\u00edficamente [&hellip;]<\/p>\n","protected":false},"author":1,"featured_media":13444,"comment_status":"open","ping_status":"open","sticky":false,"template":"","format":"standard","meta":{"footnotes":""},"categories":[9],"tags":[],"_links":{"self":[{"href":"https:\/\/infozamoraec.com\/index.php\/wp-json\/wp\/v2\/posts\/13443"}],"collection":[{"href":"https:\/\/infozamoraec.com\/index.php\/wp-json\/wp\/v2\/posts"}],"about":[{"href":"https:\/\/infozamoraec.com\/index.php\/wp-json\/wp\/v2\/types\/post"}],"author":[{"embeddable":true,"href":"https:\/\/infozamoraec.com\/index.php\/wp-json\/wp\/v2\/users\/1"}],"replies":[{"embeddable":true,"href":"https:\/\/infozamoraec.com\/index.php\/wp-json\/wp\/v2\/comments?post=13443"}],"version-history":[{"count":2,"href":"https:\/\/infozamoraec.com\/index.php\/wp-json\/wp\/v2\/posts\/13443\/revisions"}],"predecessor-version":[{"id":13446,"href":"https:\/\/infozamoraec.com\/index.php\/wp-json\/wp\/v2\/posts\/13443\/revisions\/13446"}],"wp:featuredmedia":[{"embeddable":true,"href":"https:\/\/infozamoraec.com\/index.php\/wp-json\/wp\/v2\/media\/13444"}],"wp:attachment":[{"href":"https:\/\/infozamoraec.com\/index.php\/wp-json\/wp\/v2\/media?parent=13443"}],"wp:term":[{"taxonomy":"category","embeddable":true,"href":"https:\/\/infozamoraec.com\/index.php\/wp-json\/wp\/v2\/categories?post=13443"},{"taxonomy":"post_tag","embeddable":true,"href":"https:\/\/infozamoraec.com\/index.php\/wp-json\/wp\/v2\/tags?post=13443"}],"curies":[{"name":"wp","href":"https:\/\/api.w.org\/{rel}","templated":true}]}}