{"id":13440,"date":"2025-07-03T16:06:11","date_gmt":"2025-07-03T16:06:11","guid":{"rendered":"https:\/\/infozamoraec.com\/?p=13440"},"modified":"2025-07-03T16:06:11","modified_gmt":"2025-07-03T16:06:11","slug":"camiz-coordina-envio-de-maquinaria-para-atender-emergencia-vial-en-zamora-chinchipe","status":"publish","type":"post","link":"https:\/\/infozamoraec.com\/index.php\/2025\/07\/03\/camiz-coordina-envio-de-maquinaria-para-atender-emergencia-vial-en-zamora-chinchipe\/","title":{"rendered":"CAMIZ coordina env\u00edo de maquinaria para atender emergencia vial en Zamora Chinchipe"},"content":{"rendered":"<p>Ante las graves afectaciones provocadas por la temporada invernal en las v\u00edas de la provincia, la <strong>C\u00e1mara de Miner\u00eda de Zamora (CAMIZ)<\/strong> ha iniciado un trabajo conjunto con el <strong>Ministerio de Obras P\u00fablicas (MOP)<\/strong> para apoyar con maquinaria pesada en la rehabilitaci\u00f3n de rutas bloqueadas por deslizamientos y derrumbes.<\/p>\n<p>Como parte de las <strong>acciones inmediatas<\/strong>, la CAMIZ anunci\u00f3 que desde este <strong>mi\u00e9rcoles 3 de julio<\/strong> se desplazar\u00e1 una <strong>retroexcavadora y una volqueta<\/strong> desde la ciudad de Loja con destino a la v\u00eda Loja\u2013Zamora, con el objetivo de contribuir en su reapertura. De igual manera, se prev\u00e9 la incorporaci\u00f3n de m\u00e1s equipos para intervenir en la <strong>Troncal Amaz\u00f3nica<\/strong> y en otras v\u00edas secundarias que mantienen aisladas a comunidades rurales, parroquias y cantones.<\/p>\n<p><strong>Paul Pineda Codero<\/strong>, presidente de la C\u00e1mara, destac\u00f3 la <strong>solidaridad de los socios<\/strong> mineros, quienes no solo han ofrecido maquinaria, sino tambi\u00e9n <strong>apoyo econ\u00f3mico para garantizar la alimentaci\u00f3n<\/strong> de personas que han quedado atrapadas en varios tramos viales a causa de la emergencia.<\/p>\n<p>La C\u00e1mara reafirma su compromiso con la <strong>reactivaci\u00f3n vial y la ayuda comunitaria<\/strong>, trabajando de manera articulada con las autoridades para brindar soluciones inmediatas ante el impacto del invierno en Zamora Chinchipe.<\/p>\n","protected":false},"excerpt":{"rendered":"<p>Ante las graves afectaciones provocadas por la temporada invernal en las v\u00edas de la provincia, la C\u00e1mara de Miner\u00eda de Zamora (CAMIZ) ha iniciado un trabajo conjunto con el Ministerio de Obras P\u00fablicas (MOP) para apoyar con maquinaria pesada en la rehabilitaci\u00f3n de rutas bloqueadas por deslizamientos y derrumbes. Como parte de las acciones inmediatas, [&hellip;]<\/p>\n","protected":false},"author":1,"featured_media":13441,"comment_status":"open","ping_status":"open","sticky":false,"template":"","format":"standard","meta":{"footnotes":""},"categories":[9],"tags":[],"_links":{"self":[{"href":"https:\/\/infozamoraec.com\/index.php\/wp-json\/wp\/v2\/posts\/13440"}],"collection":[{"href":"https:\/\/infozamoraec.com\/index.php\/wp-json\/wp\/v2\/posts"}],"about":[{"href":"https:\/\/infozamoraec.com\/index.php\/wp-json\/wp\/v2\/types\/post"}],"author":[{"embeddable":true,"href":"https:\/\/infozamoraec.com\/index.php\/wp-json\/wp\/v2\/users\/1"}],"replies":[{"embeddable":true,"href":"https:\/\/infozamoraec.com\/index.php\/wp-json\/wp\/v2\/comments?post=13440"}],"version-history":[{"count":1,"href":"https:\/\/infozamoraec.com\/index.php\/wp-json\/wp\/v2\/posts\/13440\/revisions"}],"predecessor-version":[{"id":13442,"href":"https:\/\/infozamoraec.com\/index.php\/wp-json\/wp\/v2\/posts\/13440\/revisions\/13442"}],"wp:featuredmedia":[{"embeddable":true,"href":"https:\/\/infozamoraec.com\/index.php\/wp-json\/wp\/v2\/media\/13441"}],"wp:attachment":[{"href":"https:\/\/infozamoraec.com\/index.php\/wp-json\/wp\/v2\/media?parent=13440"}],"wp:term":[{"taxonomy":"category","embeddable":true,"href":"https:\/\/infozamoraec.com\/index.php\/wp-json\/wp\/v2\/categories?post=13440"},{"taxonomy":"post_tag","embeddable":true,"href":"https:\/\/infozamoraec.com\/index.php\/wp-json\/wp\/v2\/tags?post=13440"}],"curies":[{"name":"wp","href":"https:\/\/api.w.org\/{rel}","templated":true}]}}