{"id":13433,"date":"2025-07-03T02:18:51","date_gmt":"2025-07-03T02:18:51","guid":{"rendered":"https:\/\/infozamoraec.com\/?p=13433"},"modified":"2025-07-03T02:18:51","modified_gmt":"2025-07-03T02:18:51","slug":"acciones-y-respuestas-ante-la-emergencia-invernal","status":"publish","type":"post","link":"https:\/\/infozamoraec.com\/index.php\/2025\/07\/03\/acciones-y-respuestas-ante-la-emergencia-invernal\/","title":{"rendered":"Acciones y respuestas ante la emergencia invernal"},"content":{"rendered":"<p class=\"MsoNormal\" style=\"margin: 0cm; color: #222222; font-size: 12pt; font-family: Arial, sans-serif;\" align=\"left\"><b><span lang=\"ES\" style=\"font-size: 11pt; font-family: Calibri, sans-serif;\">\u00a0<\/span><\/b><\/p>\n<p class=\"MsoNormal\" style=\"margin: 0cm; color: #222222; text-align: justify; font-size: 12pt; font-family: Arial, sans-serif;\"><span lang=\"ES\" style=\"font-size: 11pt; font-family: Calibri, sans-serif;\">En rueda de prensa, la prefecta de Zamora Chinchipe, Karla Re\u00e1tegui, inform\u00f3 los estragos causados por el fuerte temporal invernal que azota a la provincia en estos d\u00edas, como inundaciones en barrios, p\u00e9rdidas de puentes carrozables, derrumbes, entre otros. Son alrededor de 4 millones d\u00f3lares las p\u00e9rdidas ocasionadas hasta el momento, con corte mi\u00e9rcoles 2 de julio de 2025.<\/span><\/p>\n<p class=\"MsoNormal\" style=\"margin: 0cm; color: #222222; font-size: 12pt; font-family: Arial, sans-serif;\" align=\"left\"><b><span lang=\"ES\" style=\"font-size: 11pt; font-family: Calibri, sans-serif;\">\u00a0<\/span><\/b><\/p>\n<p class=\"MsoNormal\" style=\"margin: 0cm; color: #222222; text-align: justify; font-size: 12pt; font-family: Arial, sans-serif;\"><span lang=\"ES\" style=\"font-size: 11pt; font-family: Calibri, sans-serif;\">Entre las infraestructuras perjudicadas en la obra p\u00fablica est\u00e1n: (Yacuambi), puente peatonal de Kurintza y carrozable de Chapintza; puente vehicular en Panguintza, paso a La Hueca y puente peatonal paso a La Hueca (Centinela del C\u00f3ndor); afectaci\u00f3n a la obra p\u00fablica de VIALZACHIN E.P.; p\u00e9rdida de calzada Playas de Cuje-La Floresta; p\u00e9rdida de calzada Las Orqu\u00eddeas-Nayumbi; en amenaza se encuentran el puente en sector El Remolino, San Marcos y Timbara.<\/span><\/p>\n<p class=\"MsoNormal\" style=\"margin: 0cm; color: #222222; font-size: 12pt; font-family: Arial, sans-serif;\" align=\"left\"><b><span lang=\"ES\" style=\"font-size: 11pt; font-family: Calibri, sans-serif;\">\u00a0<\/span><\/b><\/p>\n<p class=\"MsoNormal\" style=\"margin: 0cm; color: #222222; text-align: justify; font-size: 12pt; font-family: Arial, sans-serif;\"><span lang=\"ES\" style=\"font-size: 11pt; font-family: Calibri, sans-serif;\">Frente a estas afectaciones para la Provincia, la autoridad provincial inform\u00f3 que, a trav\u00e9s del COE Provincial, se ha solicitado al COE Nacional, la declaratoria de la emergencia a Zamora Chinchipe, para exigir a los organismos competentes que esta declaratoria sea con viabilidad econ\u00f3mica.<\/span><\/p>\n<p class=\"MsoNormal\" style=\"margin: 0cm; color: #222222; font-size: 12pt; font-family: Arial, sans-serif;\" align=\"left\"><b><span lang=\"ES\" style=\"font-size: 11pt; font-family: Calibri, sans-serif;\">\u00a0<\/span><\/b><\/p>\n<p class=\"MsoNormal\" style=\"margin: 0cm; color: #222222; text-align: justify; font-size: 12pt; font-family: Arial, sans-serif;\"><b><span lang=\"ES\" style=\"font-size: 11pt; font-family: Calibri, sans-serif;\">\u201cPara volver a edificarse el puente en San Miguel de La Hueca, se necesitan 3 millones de d\u00f3lares que incluyen nuevos dise\u00f1os del puente; la edificaci\u00f3n de muros de protecci\u00f3n\u2026 garantizamos encontrar los caminos para volver a edificarlo, pedimos tiempo y comprensi\u00f3n a la ciudadan\u00eda mientras duren las gestiones pertinentes\u201d,<\/span><\/b><span lang=\"ES\" style=\"font-size: 11pt; font-family: Calibri, sans-serif;\">\u00a0sostuvo la autoridad provincial.<\/span><\/p>\n<p class=\"MsoNormal\" style=\"margin: 0cm; color: #222222; font-size: 12pt; font-family: Arial, sans-serif;\" align=\"left\"><b><span lang=\"ES\" style=\"font-size: 11pt; font-family: Calibri, sans-serif;\">\u00a0<\/span><\/b><\/p>\n<p class=\"MsoNormal\" style=\"margin: 0cm; color: #222222; text-align: justify; font-size: 12pt; font-family: Arial, sans-serif;\"><span lang=\"ES\" style=\"font-size: 11pt; font-family: Calibri, sans-serif;\">Adem\u00e1s, fue anunciado que, fueron presentados alrededor de 30 oficios ante las entidades competentes, desde agosto 2023, solicitando la verificaci\u00f3n y control de las actividades mineras que se dan a los m\u00e1rgenes del r\u00edo Zamora, diagonal a la obra p\u00fablica. Dijo que, al respecto no hubo la atenci\u00f3n necesaria, y con fecha 15 de mayo de 2025, tambi\u00e9n se solicit\u00f3 a la Contralor\u00eda General del Estado, se haga la auditor\u00eda respectiva a los estudios preparatorios de la construcci\u00f3n de esta infraestructura y determinar si existen responsabilidades en la misma. Denuncias que tambi\u00e9n se presentaron en la Fiscal\u00eda, por lo que los casos est\u00e1n actualmente bajo indagaci\u00f3n previa.<\/span><\/p>\n<p class=\"MsoNormal\" style=\"margin: 0cm; color: #222222; text-align: justify; font-size: 12pt; font-family: Arial, sans-serif;\"><b><span lang=\"ES\" style=\"font-size: 11pt; font-family: Calibri, sans-serif;\">\u00a0<\/span><\/b><\/p>\n<p class=\"MsoNormal\" style=\"margin: 0cm; color: #222222; text-align: justify; font-size: 12pt; font-family: Arial, sans-serif;\"><b><span lang=\"ES\" style=\"font-size: 11pt; font-family: Calibri, sans-serif;\">\u201cLos da\u00f1os son grandes e irreversibles, comunidades inundadas como: Chamico, Nambija Bajo, Zumbi (\u2026). Por ello, con la activaci\u00f3n de declaratoria de emergencia exigimos el cumplimiento de las asignaciones presupuestarias en los tres niveles de gobierno y poder actuar inmediatamente y garantizar la atenci\u00f3n de la emergencia\u201d,\u00a0<\/span><\/b><span lang=\"ES\" style=\"font-size: 11pt; font-family: Calibri, sans-serif;\">acot\u00f3.<b><\/b><\/span><\/p>\n<p class=\"MsoNormal\" style=\"margin: 0cm; color: #222222; font-size: 12pt; font-family: Arial, sans-serif;\" align=\"left\"><b><span lang=\"ES\" style=\"font-size: 11pt; font-family: Calibri, sans-serif;\">\u00a0<\/span><\/b><\/p>\n<p class=\"MsoNormal\" style=\"margin: 0cm; color: #222222; text-align: justify; font-size: 12pt; font-family: Arial, sans-serif;\"><span lang=\"ES\" style=\"font-size: 11pt; font-family: Calibri, sans-serif;\">Mientras se declare en emergencia a Zamora Chinchipe, la prioridad de la instituci\u00f3n provincial es cuidar la integridad de las personas,\u00a0<b>\u201cevitar hacer viajes innecesarios y mantenerse a buen recaudo en lugares seguros, como Prefectura la maquinaria est\u00e1 activa en toda la provincia atendiendo las emergencias, son m\u00e1s de 50 atendidas desde el d\u00eda domingo que inici\u00f3 el fuerte invierno\u201d,<\/b>\u00a0dijo Re\u00e1tegui.<\/span><\/p>\n<p class=\"MsoNormal\" style=\"margin: 0cm; color: #222222; font-size: 12pt; font-family: Arial, sans-serif;\" align=\"left\"><b><span lang=\"ES\" style=\"font-size: 11pt; font-family: Calibri, sans-serif;\">\u00a0<\/span><\/b><\/p>\n<p class=\"MsoNormal\" style=\"margin: 0cm; color: #222222; text-align: justify; font-size: 12pt; font-family: Arial, sans-serif;\"><span lang=\"ES\" style=\"font-size: 11pt; font-family: Calibri, sans-serif;\">Sobre la actividad minera, la prefecta Karla Re\u00e1tegui, fue clara en argumentar que, no se puede seguir debilitando los m\u00e1rgenes de los r\u00edos y mucho menos de la obra p\u00fablica,<b>\u00a0\u201cahora los zamoranos chinchipenses estamos pagando las consecuencias\u201d.\u00a0\u00a0<\/b>En el tema de la empresa de vialidad VIALZACHIN, explic\u00f3 que, se necesita que baje el caudal del r\u00edo, para iniciar la construcci\u00f3n de la protecci\u00f3n y rellenar para elevar las partes de la maquinaria de asfalto.<\/span><\/p>\n<p class=\"MsoNormal\" style=\"margin: 0cm; color: #222222; font-size: 12pt; font-family: Arial, sans-serif;\" align=\"left\"><b><span lang=\"ES\" style=\"font-size: 11pt; font-family: Calibri, sans-serif;\">\u00a0<\/span><\/b><\/p>\n<p class=\"MsoNormal\" style=\"margin: 0cm; color: #222222; text-align: justify; font-size: 12pt; font-family: Arial, sans-serif;\"><span lang=\"ES\" style=\"font-size: 11pt; font-family: Calibri, sans-serif;\">Finalmente, indic\u00f3 que se suspenden las Festividades de Provincializaci\u00f3n, eventos como la Feria Provincial de Cacao en El Pangui,<b>\u00a0\u201cesos recursos se destinar\u00e1n en atenci\u00f3n de las emergencias viales, necesitamos seguir trabajando en unidad\u201d.<\/b><\/span><\/p>\n","protected":false},"excerpt":{"rendered":"<p>\u00a0 En rueda de prensa, la prefecta de Zamora Chinchipe, Karla Re\u00e1tegui, inform\u00f3 los estragos causados por el fuerte temporal invernal que azota a la provincia en estos d\u00edas, como inundaciones en barrios, p\u00e9rdidas de puentes carrozables, derrumbes, entre otros. Son alrededor de 4 millones d\u00f3lares las p\u00e9rdidas ocasionadas hasta el momento, con corte mi\u00e9rcoles [&hellip;]<\/p>\n","protected":false},"author":1,"featured_media":13434,"comment_status":"open","ping_status":"open","sticky":false,"template":"","format":"standard","meta":{"footnotes":""},"categories":[9],"tags":[],"_links":{"self":[{"href":"https:\/\/infozamoraec.com\/index.php\/wp-json\/wp\/v2\/posts\/13433"}],"collection":[{"href":"https:\/\/infozamoraec.com\/index.php\/wp-json\/wp\/v2\/posts"}],"about":[{"href":"https:\/\/infozamoraec.com\/index.php\/wp-json\/wp\/v2\/types\/post"}],"author":[{"embeddable":true,"href":"https:\/\/infozamoraec.com\/index.php\/wp-json\/wp\/v2\/users\/1"}],"replies":[{"embeddable":true,"href":"https:\/\/infozamoraec.com\/index.php\/wp-json\/wp\/v2\/comments?post=13433"}],"version-history":[{"count":2,"href":"https:\/\/infozamoraec.com\/index.php\/wp-json\/wp\/v2\/posts\/13433\/revisions"}],"predecessor-version":[{"id":13436,"href":"https:\/\/infozamoraec.com\/index.php\/wp-json\/wp\/v2\/posts\/13433\/revisions\/13436"}],"wp:featuredmedia":[{"embeddable":true,"href":"https:\/\/infozamoraec.com\/index.php\/wp-json\/wp\/v2\/media\/13434"}],"wp:attachment":[{"href":"https:\/\/infozamoraec.com\/index.php\/wp-json\/wp\/v2\/media?parent=13433"}],"wp:term":[{"taxonomy":"category","embeddable":true,"href":"https:\/\/infozamoraec.com\/index.php\/wp-json\/wp\/v2\/categories?post=13433"},{"taxonomy":"post_tag","embeddable":true,"href":"https:\/\/infozamoraec.com\/index.php\/wp-json\/wp\/v2\/tags?post=13433"}],"curies":[{"name":"wp","href":"https:\/\/api.w.org\/{rel}","templated":true}]}}