{"id":13400,"date":"2025-07-02T00:48:05","date_gmt":"2025-07-02T00:48:05","guid":{"rendered":"https:\/\/infozamoraec.com\/?p=13400"},"modified":"2025-07-02T00:48:05","modified_gmt":"2025-07-02T00:48:05","slug":"palanda-fortalece-su-compromiso-ambiental-con-entrega-de-herramientas-y-plantas-maderables","status":"publish","type":"post","link":"https:\/\/infozamoraec.com\/index.php\/2025\/07\/02\/palanda-fortalece-su-compromiso-ambiental-con-entrega-de-herramientas-y-plantas-maderables\/","title":{"rendered":"Palanda fortalece su compromiso ambiental con entrega de herramientas y plantas maderables"},"content":{"rendered":"<p data-start=\"96\" data-end=\"517\">En un esfuerzo conjunto por fomentar la sostenibilidad y la conservaci\u00f3n de los recursos naturales, el Gobierno Aut\u00f3nomo Descentralizado de Palanda, en coordinaci\u00f3n con <strong data-start=\"316\" data-end=\"354\">Naturaleza y Cultura Internacional<\/strong>, realiz\u00f3 la <strong data-start=\"367\" data-end=\"415\">entrega de herramientas y plantas maderables<\/strong>, como parte del <strong data-start=\"432\" data-end=\"478\" data-is-only-node=\"\">Convenio de Cooperaci\u00f3n Interinstitucional<\/strong>, con el apoyo del <strong data-start=\"497\" data-end=\"516\">Proyecto Cuidar<\/strong>.<\/p>\n<p data-start=\"519\" data-end=\"893\">Durante la jornada se entregaron <strong data-start=\"552\" data-end=\"568\">dos guada\u00f1as<\/strong>, que ser\u00e1n utilizadas para fortalecer las labores de mantenimiento ambiental en el cant\u00f3n. Adem\u00e1s, se distribuyeron <strong data-start=\"685\" data-end=\"713\">1.500 plantas maderables<\/strong> de diversas especies, con el objetivo de avanzar en procesos de <strong data-start=\"778\" data-end=\"820\">reforestaci\u00f3n y restauraci\u00f3n ecol\u00f3gica<\/strong>, generando beneficios ambientales directos para las comunidades locales.<\/p>\n<p data-start=\"895\" data-end=\"1124\" data-is-last-node=\"\" data-is-only-node=\"\">Esta iniciativa reafirma el compromiso del GAD Municipal de Palanda con la <strong data-start=\"970\" data-end=\"1004\">protecci\u00f3n del entorno natural<\/strong>, as\u00ed como el trabajo conjunto entre instituciones que apuestan por un desarrollo territorial responsable y sustentable.<\/p>\n","protected":false},"excerpt":{"rendered":"<p>En un esfuerzo conjunto por fomentar la sostenibilidad y la conservaci\u00f3n de los recursos naturales, el Gobierno Aut\u00f3nomo Descentralizado de Palanda, en coordinaci\u00f3n con Naturaleza y Cultura Internacional, realiz\u00f3 la entrega de herramientas y plantas maderables, como parte del Convenio de Cooperaci\u00f3n Interinstitucional, con el apoyo del Proyecto Cuidar. Durante la jornada se entregaron dos [&hellip;]<\/p>\n","protected":false},"author":1,"featured_media":13401,"comment_status":"open","ping_status":"open","sticky":false,"template":"","format":"standard","meta":{"footnotes":""},"categories":[9],"tags":[],"_links":{"self":[{"href":"https:\/\/infozamoraec.com\/index.php\/wp-json\/wp\/v2\/posts\/13400"}],"collection":[{"href":"https:\/\/infozamoraec.com\/index.php\/wp-json\/wp\/v2\/posts"}],"about":[{"href":"https:\/\/infozamoraec.com\/index.php\/wp-json\/wp\/v2\/types\/post"}],"author":[{"embeddable":true,"href":"https:\/\/infozamoraec.com\/index.php\/wp-json\/wp\/v2\/users\/1"}],"replies":[{"embeddable":true,"href":"https:\/\/infozamoraec.com\/index.php\/wp-json\/wp\/v2\/comments?post=13400"}],"version-history":[{"count":2,"href":"https:\/\/infozamoraec.com\/index.php\/wp-json\/wp\/v2\/posts\/13400\/revisions"}],"predecessor-version":[{"id":13403,"href":"https:\/\/infozamoraec.com\/index.php\/wp-json\/wp\/v2\/posts\/13400\/revisions\/13403"}],"wp:featuredmedia":[{"embeddable":true,"href":"https:\/\/infozamoraec.com\/index.php\/wp-json\/wp\/v2\/media\/13401"}],"wp:attachment":[{"href":"https:\/\/infozamoraec.com\/index.php\/wp-json\/wp\/v2\/media?parent=13400"}],"wp:term":[{"taxonomy":"category","embeddable":true,"href":"https:\/\/infozamoraec.com\/index.php\/wp-json\/wp\/v2\/categories?post=13400"},{"taxonomy":"post_tag","embeddable":true,"href":"https:\/\/infozamoraec.com\/index.php\/wp-json\/wp\/v2\/tags?post=13400"}],"curies":[{"name":"wp","href":"https:\/\/api.w.org\/{rel}","templated":true}]}}