{"id":13358,"date":"2025-07-01T02:15:05","date_gmt":"2025-07-01T02:15:05","guid":{"rendered":"https:\/\/infozamoraec.com\/?p=13358"},"modified":"2025-07-01T02:15:05","modified_gmt":"2025-07-01T02:15:05","slug":"inician-las-inscripciones-para-los-cursos-vacacionales-el-pangui-2025","status":"publish","type":"post","link":"https:\/\/infozamoraec.com\/index.php\/2025\/07\/01\/inician-las-inscripciones-para-los-cursos-vacacionales-el-pangui-2025\/","title":{"rendered":"Inician las inscripciones para los cursos vacacionales El Pangui 2025"},"content":{"rendered":"<p>El Gobierno Municipal de El Pangui, en alianza estrat\u00e9gica con la empresa Ecuacorriente S.A., ha anunciado el inicio de las inscripciones para los <strong>Cursos Vacacionales El Pangui 2025<\/strong>, una propuesta gratuita dise\u00f1ada para promover el aprendizaje, la creatividad, la actividad f\u00edsica y el aprovechamiento del tiempo libre en ni\u00f1as, ni\u00f1os y adolescentes del cant\u00f3n.<\/p>\n<p>Este programa formativo ofrece un total de <strong>14 actividades gratuitas<\/strong>, que abarcan \u00e1reas como el arte, el deporte, la cultura y el turismo, brindando a los participantes la posibilidad de desarrollar habilidades diversas en un ambiente seguro y recreativo.<\/p>\n<h3>Actividades disponibles:<\/h3>\n<p><strong>Artes y manualidades:<\/strong><\/p>\n<ul>\n<li>Dibujo y pintura<\/li>\n<li>Artesan\u00edas en arcilla<\/li>\n<li>Manualidades<\/li>\n<li>Trabajos en fomix<\/li>\n<li>Reposter\u00eda<\/li>\n<\/ul>\n<p><strong>Deportes y actividades f\u00edsicas:<\/strong><\/p>\n<ul>\n<li>Nataci\u00f3n<\/li>\n<li>Ciclismo<\/li>\n<li>F\u00fatbol<\/li>\n<li>Ecuavoley<\/li>\n<li>Defensa personal<\/li>\n<\/ul>\n<p><strong>Expresi\u00f3n y cultura:<\/strong><\/p>\n<ul>\n<li>Locuci\u00f3n<\/li>\n<li>Danza<\/li>\n<li>Chino mandar\u00edn<\/li>\n<\/ul>\n<p><strong>Turismo y naturaleza:<\/strong><\/p>\n<ul>\n<li>Agroturismo<\/li>\n<li>Turismo de naturaleza<\/li>\n<li>Camping<\/li>\n<\/ul>\n<h3>Detalles de inscripci\u00f3n:<\/h3>\n<ul>\n<li><strong>Fechas:<\/strong> del 1 al 4 de julio de 2025<\/li>\n<li><strong>Horario:<\/strong> de 08h00 a 16h00<\/li>\n<li><strong>Lugar:<\/strong> Mini Coliseo de la ciudad de El Pangui<\/li>\n<li><strong>Requisito:<\/strong> Presentar la c\u00e9dula de identidad del participante<\/li>\n<\/ul>\n<h3>Desarrollo de los cursos:<\/h3>\n<ul>\n<li><strong>Fecha de inicio:<\/strong> lunes 7 de julio<\/li>\n<li><strong>Fecha de finalizaci\u00f3n:<\/strong> viernes 1 de agosto<\/li>\n<\/ul>\n<p>Los cursos estar\u00e1n a cargo de instructores calificados que guiar\u00e1n a los participantes en el fortalecimiento de sus talentos y valores, fomentando la disciplina, la sana convivencia y el respeto.<\/p>\n<p>El t\u00e9cnico de la Unidad de Cultura y Deporte, <strong>Emigdio Calva<\/strong>, hizo una cordial invitaci\u00f3n a padres de familia y representantes:<\/p>\n<blockquote><p>\u201cQueremos que todos los ni\u00f1os y j\u00f3venes del cant\u00f3n aprovechen esta oportunidad \u00fanica, donde aprender\u00e1n, se divertir\u00e1n y potenciar\u00e1n sus habilidades\u201d.<\/p><\/blockquote>\n<p>Desde la Municipalidad de El Pangui y Ecuacorriente S.A. se ratifica el compromiso con el desarrollo integral de la ni\u00f1ez y juventud del cant\u00f3n, convencidos de que este tipo de espacios educativos y recreativos fortalecen el tejido social y generan nuevas oportunidades para el futuro.<\/p>\n<p>\ud83d\udccc <strong>Nota importante:<\/strong> Los cupos son limitados por cada actividad, por lo que se recomienda a la ciudadan\u00eda realizar las inscripciones con antelaci\u00f3n.<\/p>\n<p>Para m\u00e1s informaci\u00f3n, comunicarse al n\u00famero de contacto: <strong>099 227 2322<\/strong> o acercarse a la oficina de Turismo del GAD Municipal.<\/p>\n","protected":false},"excerpt":{"rendered":"<p>El Gobierno Municipal de El Pangui, en alianza estrat\u00e9gica con la empresa Ecuacorriente S.A., ha anunciado el inicio de las inscripciones para los Cursos Vacacionales El Pangui 2025, una propuesta gratuita dise\u00f1ada para promover el aprendizaje, la creatividad, la actividad f\u00edsica y el aprovechamiento del tiempo libre en ni\u00f1as, ni\u00f1os y adolescentes del cant\u00f3n. Este [&hellip;]<\/p>\n","protected":false},"author":1,"featured_media":13359,"comment_status":"open","ping_status":"open","sticky":false,"template":"","format":"standard","meta":{"footnotes":""},"categories":[9],"tags":[],"_links":{"self":[{"href":"https:\/\/infozamoraec.com\/index.php\/wp-json\/wp\/v2\/posts\/13358"}],"collection":[{"href":"https:\/\/infozamoraec.com\/index.php\/wp-json\/wp\/v2\/posts"}],"about":[{"href":"https:\/\/infozamoraec.com\/index.php\/wp-json\/wp\/v2\/types\/post"}],"author":[{"embeddable":true,"href":"https:\/\/infozamoraec.com\/index.php\/wp-json\/wp\/v2\/users\/1"}],"replies":[{"embeddable":true,"href":"https:\/\/infozamoraec.com\/index.php\/wp-json\/wp\/v2\/comments?post=13358"}],"version-history":[{"count":1,"href":"https:\/\/infozamoraec.com\/index.php\/wp-json\/wp\/v2\/posts\/13358\/revisions"}],"predecessor-version":[{"id":13360,"href":"https:\/\/infozamoraec.com\/index.php\/wp-json\/wp\/v2\/posts\/13358\/revisions\/13360"}],"wp:featuredmedia":[{"embeddable":true,"href":"https:\/\/infozamoraec.com\/index.php\/wp-json\/wp\/v2\/media\/13359"}],"wp:attachment":[{"href":"https:\/\/infozamoraec.com\/index.php\/wp-json\/wp\/v2\/media?parent=13358"}],"wp:term":[{"taxonomy":"category","embeddable":true,"href":"https:\/\/infozamoraec.com\/index.php\/wp-json\/wp\/v2\/categories?post=13358"},{"taxonomy":"post_tag","embeddable":true,"href":"https:\/\/infozamoraec.com\/index.php\/wp-json\/wp\/v2\/tags?post=13358"}],"curies":[{"name":"wp","href":"https:\/\/api.w.org\/{rel}","templated":true}]}}