{"id":13321,"date":"2025-06-28T02:21:30","date_gmt":"2025-06-28T02:21:30","guid":{"rendered":"https:\/\/infozamoraec.com\/?p=13321"},"modified":"2025-06-28T02:21:30","modified_gmt":"2025-06-28T02:21:30","slug":"grave-accidente-de-transito-en-el-limon-deja-a-motociclista-herido-y-reaviva-pedido-ciudadano-de-paso-lateral-en-zamora","status":"publish","type":"post","link":"https:\/\/infozamoraec.com\/index.php\/2025\/06\/28\/grave-accidente-de-transito-en-el-limon-deja-a-motociclista-herido-y-reaviva-pedido-ciudadano-de-paso-lateral-en-zamora\/","title":{"rendered":"Grave accidente de tr\u00e1nsito en El Lim\u00f3n deja a motociclista herido y reaviva pedido ciudadano de paso lateral en Zamora"},"content":{"rendered":"<p>Un nuevo accidente de tr\u00e1nsito se registr\u00f3 la tarde de este viernes 27 de junio en la parroquia El Lim\u00f3n, en la intersecci\u00f3n de la avenida Polic\u00eda Nacional y avenida Podocarpus, a pocos metros del ingreso principal a la ciudad de\u00a0 Zamora. El hecho involucr\u00f3 a un tr\u00e1iler de carga pesada y una motocicleta, cuyo conductor result\u00f3 gravemente herido tras ser atropellado por el veh\u00edculo de gran tonelaje.<\/p>\n<p>Seg\u00fan testigos del lugar, el tr\u00e1iler circulaba en sentido Loja\u2013Zamora por la avenida Polic\u00eda Nacional y, al intentar girar hacia la izquierda en direcci\u00f3n a la avenida Podocarpus, colision\u00f3 con la motocicleta que transitaba por la v\u00eda. El impacto provoc\u00f3 que el motociclista quedara tendido sobre la calzada, con visibles heridas de gravedad.<\/p>\n<p>Equipos de emergencia acudieron r\u00e1pidamente al lugar para brindar los primeros auxilios y trasladar al herido hasta el hospital de Zamora. Hasta el momento, se desconoce la identidad del motociclista.<\/p>\n<p>El hecho caus\u00f3 gran conmoci\u00f3n entre los moradores del sector, quienes expresaron su preocupaci\u00f3n por la constante circulaci\u00f3n de veh\u00edculos pesados en zonas residenciales, lo que ha generado reiterados accidentes de tr\u00e1nsito en esta \u00e1rea.<\/p>\n<p>Vecinos del lugar hicieron un nuevo llamado a las autoridades cantonales y provinciales para que se activen medidas urgentes, como la\u00a0 colocaci\u00f3n de reductores de\u00a0 velocidad,\u00a0 sem\u00e1foros. A la vez que piden\u00a0 la construcci\u00f3n del <strong>paso lateral de Zamora<\/strong>, una obra que, seg\u00fan manifiestan, ha sido postergada pese a su importancia para desviar el tr\u00e1nsito pesado fuera de la zona urbana.<\/p>\n<p>\u00abEsto pasa todo el tiempo, y nadie hace nada. Ya es hora de que las autoridades act\u00faen y nos den una soluci\u00f3n. No podemos seguir viviendo con el miedo de que en cualquier momento ocurra una tragedia mayor\u00bb, manifest\u00f3 una de las residentes del sector.<\/p>\n<p>Finalmente, se recuerda a la ciudadan\u00eda la importancia de respetar las se\u00f1ales de tr\u00e1nsito y conducir con precauci\u00f3n, especialmente en zonas urbanas con alta circulaci\u00f3n vehicular. Las investigaciones sobre las causas del siniestro contin\u00faan en manos de las autoridades competentes.<\/p>\n","protected":false},"excerpt":{"rendered":"<p>Un nuevo accidente de tr\u00e1nsito se registr\u00f3 la tarde de este viernes 27 de junio en la parroquia El Lim\u00f3n, en la intersecci\u00f3n de la avenida Polic\u00eda Nacional y avenida Podocarpus, a pocos metros del ingreso principal a la ciudad de\u00a0 Zamora. El hecho involucr\u00f3 a un tr\u00e1iler de carga pesada y una motocicleta, cuyo [&hellip;]<\/p>\n","protected":false},"author":1,"featured_media":13322,"comment_status":"open","ping_status":"open","sticky":false,"template":"","format":"standard","meta":{"footnotes":""},"categories":[9],"tags":[],"_links":{"self":[{"href":"https:\/\/infozamoraec.com\/index.php\/wp-json\/wp\/v2\/posts\/13321"}],"collection":[{"href":"https:\/\/infozamoraec.com\/index.php\/wp-json\/wp\/v2\/posts"}],"about":[{"href":"https:\/\/infozamoraec.com\/index.php\/wp-json\/wp\/v2\/types\/post"}],"author":[{"embeddable":true,"href":"https:\/\/infozamoraec.com\/index.php\/wp-json\/wp\/v2\/users\/1"}],"replies":[{"embeddable":true,"href":"https:\/\/infozamoraec.com\/index.php\/wp-json\/wp\/v2\/comments?post=13321"}],"version-history":[{"count":1,"href":"https:\/\/infozamoraec.com\/index.php\/wp-json\/wp\/v2\/posts\/13321\/revisions"}],"predecessor-version":[{"id":13323,"href":"https:\/\/infozamoraec.com\/index.php\/wp-json\/wp\/v2\/posts\/13321\/revisions\/13323"}],"wp:featuredmedia":[{"embeddable":true,"href":"https:\/\/infozamoraec.com\/index.php\/wp-json\/wp\/v2\/media\/13322"}],"wp:attachment":[{"href":"https:\/\/infozamoraec.com\/index.php\/wp-json\/wp\/v2\/media?parent=13321"}],"wp:term":[{"taxonomy":"category","embeddable":true,"href":"https:\/\/infozamoraec.com\/index.php\/wp-json\/wp\/v2\/categories?post=13321"},{"taxonomy":"post_tag","embeddable":true,"href":"https:\/\/infozamoraec.com\/index.php\/wp-json\/wp\/v2\/tags?post=13321"}],"curies":[{"name":"wp","href":"https:\/\/api.w.org\/{rel}","templated":true}]}}