{"id":13310,"date":"2025-06-27T21:31:51","date_gmt":"2025-06-27T21:31:51","guid":{"rendered":"https:\/\/infozamoraec.com\/?p=13310"},"modified":"2025-06-27T21:32:20","modified_gmt":"2025-06-27T21:32:20","slug":"distrito-educativo-19d01-yacuambi-zamora-presento-su-rendicion-de-cuentas-2024-con-enfoque-en-transparencia-y-compromiso-social","status":"publish","type":"post","link":"https:\/\/infozamoraec.com\/index.php\/2025\/06\/27\/distrito-educativo-19d01-yacuambi-zamora-presento-su-rendicion-de-cuentas-2024-con-enfoque-en-transparencia-y-compromiso-social\/","title":{"rendered":"Distrito Educativo 19D01 Yacuambi-Zamora present\u00f3 su Rendici\u00f3n de Cuentas 2024 con enfoque en transparencia y compromiso social"},"content":{"rendered":"<p data-start=\"133\" data-end=\"577\">\u00a0Con el objetivo de fortalecer la confianza ciudadana y transparentar la gesti\u00f3n p\u00fablica, la Direcci\u00f3n Distrital 19D01 Yacuambi \u2013 Zamora \u2013 Educaci\u00f3n, liderada por el Lic. Juan Medardo Ortega Vegas, llev\u00f3 a cabo su Rendici\u00f3n de Cuentas correspondiente al a\u00f1o 2024. El evento cont\u00f3 con la participaci\u00f3n de autoridades locales, l\u00edderes comunitarios, docentes, estudiantes, padres de familia y ciudadan\u00eda en general.<\/p>\n<p data-start=\"579\" data-end=\"836\">Durante el acto, se present\u00f3 un informe detallado estructurado en seis ejes de gesti\u00f3n que resumen los principales logros alcanzados, desaf\u00edos enfrentados y acciones ejecutadas en favor del fortalecimiento del sistema educativo en esta zona de la provincia.<\/p>\n<p data-start=\"838\" data-end=\"1201\"><strong data-start=\"838\" data-end=\"876\">1. Cobertura y seguridad educativa<\/strong><br data-start=\"876\" data-end=\"879\" \/>Actualmente, el distrito atiende a 89 instituciones educativas \u201437 en Yacuambi y 52 en Zamora\u2014, de sostenimiento fiscal, fiscomisional y particular. Se implementaron simulacros y acciones de prevenci\u00f3n psicosocial, promoviendo entornos escolares seguros e inclusivos para estudiantes con necesidades educativas especiales.<\/p>\n<p data-start=\"1203\" data-end=\"1434\"><strong data-start=\"1203\" data-end=\"1230\">2. Alimentaci\u00f3n escolar<\/strong><br data-start=\"1230\" data-end=\"1233\" \/>En el a\u00f1o 2024 se distribuyeron raciones alimenticias en 84 instituciones, como parte del programa de apoyo a la permanencia y bienestar estudiantil, asegurando una alimentaci\u00f3n saludable y balanceada.<\/p>\n<p data-start=\"1436\" data-end=\"1745\"><strong data-start=\"1436\" data-end=\"1476\">3. Permanencia y reinserci\u00f3n escolar<\/strong><br data-start=\"1476\" data-end=\"1479\" \/>Pese a una leve disminuci\u00f3n de matr\u00edcula fiscal, se report\u00f3 un incremento en la educaci\u00f3n fiscomisional. Se aplicaron estrategias para la reinserci\u00f3n escolar y se fortalecieron programas de titulaci\u00f3n intensiva, que beneficiaron a estudiantes en situaci\u00f3n de rezago.<\/p>\n<p data-start=\"1747\" data-end=\"2077\"><strong data-start=\"1747\" data-end=\"1787\">4. Revalorizaci\u00f3n del talento humano<\/strong><br data-start=\"1787\" data-end=\"1790\" \/>Durante el a\u00f1o, se gestionaron procesos de sectorizaci\u00f3n docente, pr\u00e1cticas preprofesionales e ingreso de nuevos profesionales. Ocho docentes accedieron a sectorizaci\u00f3n. No se registraron procesos de ascenso ni recategorizaci\u00f3n desde 2018, aspecto que sigue siendo un reto institucional.<\/p>\n<p data-start=\"2079\" data-end=\"2345\"><strong data-start=\"2079\" data-end=\"2118\">5. Educaci\u00f3n con enfoque en valores<\/strong><br data-start=\"2118\" data-end=\"2121\" \/>Se impulsaron programas y ferias educativas orientadas al desarrollo integral, entre ellos, el Plan Nacional de Educaci\u00f3n Integral en Sexualidad (ENEIS), que promueve la formaci\u00f3n en valores, convivencia pac\u00edfica y derechos.<\/p>\n<p data-start=\"2347\" data-end=\"2795\"><strong data-start=\"2347\" data-end=\"2403\">6. Gesti\u00f3n institucional y uso eficiente de recursos<\/strong><br data-start=\"2403\" data-end=\"2406\" \/>El distrito ejecut\u00f3 m\u00e1s de $201.000 d\u00f3lares en compras p\u00fablicas, destinados al mantenimiento de infraestructura, adquisici\u00f3n de textos escolares, uniformes, material did\u00e1ctico e implementos deportivos. Destacaron obras en las Unidades Educativas Daniel Mart\u00ednez Ord\u00f3\u00f1ez, Andr\u00e9s Francisco C\u00f3rdova y 12 de Febrero, as\u00ed como convenios con gobiernos parroquiales para intervenciones conjuntas.<\/p>\n<p data-start=\"2797\" data-end=\"3006\">Se subray\u00f3 tambi\u00e9n la inversi\u00f3n en conectividad, mantenimiento de laboratorios tecnol\u00f3gicos y dotaci\u00f3n de equipos inform\u00e1ticos, fundamentales para el fortalecimiento del proceso educativo en todos los niveles.<\/p>\n<p data-start=\"3008\" data-end=\"3365\" data-is-last-node=\"\" data-is-only-node=\"\">Al cierre del evento, la Direcci\u00f3n Distrital reafirm\u00f3 su compromiso con una educaci\u00f3n p\u00fablica de calidad, inclusiva, segura y con enfoque de derechos. Agradeci\u00f3 la participaci\u00f3n activa de la comunidad, subrayando que el trabajo conjunto entre Estado, familia y sociedad civil es clave para construir una educaci\u00f3n con equidad, excelencia y visi\u00f3n de futuro.<\/p>\n","protected":false},"excerpt":{"rendered":"<p>\u00a0Con el objetivo de fortalecer la confianza ciudadana y transparentar la gesti\u00f3n p\u00fablica, la Direcci\u00f3n Distrital 19D01 Yacuambi \u2013 Zamora \u2013 Educaci\u00f3n, liderada por el Lic. Juan Medardo Ortega Vegas, llev\u00f3 a cabo su Rendici\u00f3n de Cuentas correspondiente al a\u00f1o 2024. El evento cont\u00f3 con la participaci\u00f3n de autoridades locales, l\u00edderes comunitarios, docentes, estudiantes, padres [&hellip;]<\/p>\n","protected":false},"author":1,"featured_media":13311,"comment_status":"open","ping_status":"open","sticky":false,"template":"","format":"standard","meta":{"footnotes":""},"categories":[9],"tags":[],"_links":{"self":[{"href":"https:\/\/infozamoraec.com\/index.php\/wp-json\/wp\/v2\/posts\/13310"}],"collection":[{"href":"https:\/\/infozamoraec.com\/index.php\/wp-json\/wp\/v2\/posts"}],"about":[{"href":"https:\/\/infozamoraec.com\/index.php\/wp-json\/wp\/v2\/types\/post"}],"author":[{"embeddable":true,"href":"https:\/\/infozamoraec.com\/index.php\/wp-json\/wp\/v2\/users\/1"}],"replies":[{"embeddable":true,"href":"https:\/\/infozamoraec.com\/index.php\/wp-json\/wp\/v2\/comments?post=13310"}],"version-history":[{"count":2,"href":"https:\/\/infozamoraec.com\/index.php\/wp-json\/wp\/v2\/posts\/13310\/revisions"}],"predecessor-version":[{"id":13313,"href":"https:\/\/infozamoraec.com\/index.php\/wp-json\/wp\/v2\/posts\/13310\/revisions\/13313"}],"wp:featuredmedia":[{"embeddable":true,"href":"https:\/\/infozamoraec.com\/index.php\/wp-json\/wp\/v2\/media\/13311"}],"wp:attachment":[{"href":"https:\/\/infozamoraec.com\/index.php\/wp-json\/wp\/v2\/media?parent=13310"}],"wp:term":[{"taxonomy":"category","embeddable":true,"href":"https:\/\/infozamoraec.com\/index.php\/wp-json\/wp\/v2\/categories?post=13310"},{"taxonomy":"post_tag","embeddable":true,"href":"https:\/\/infozamoraec.com\/index.php\/wp-json\/wp\/v2\/tags?post=13310"}],"curies":[{"name":"wp","href":"https:\/\/api.w.org\/{rel}","templated":true}]}}