{"id":13276,"date":"2025-06-27T02:32:26","date_gmt":"2025-06-27T02:32:26","guid":{"rendered":"https:\/\/infozamoraec.com\/?p=13276"},"modified":"2025-06-27T02:32:26","modified_gmt":"2025-06-27T02:32:26","slug":"colectivo-renacer-cultural-reestructura-su-candidatura-para-la-casa-de-la-cultura-en-zamora-chinchipe","status":"publish","type":"post","link":"https:\/\/infozamoraec.com\/index.php\/2025\/06\/27\/colectivo-renacer-cultural-reestructura-su-candidatura-para-la-casa-de-la-cultura-en-zamora-chinchipe\/","title":{"rendered":"Colectivo \u201cRenacer Cultural\u201d reestructura su candidatura para la Casa de la Cultura en Zamora Chinchipe"},"content":{"rendered":"<p>En el marco del proceso electoral para designar al Presidente Nacional y Directores Provinciales de la Casa de la Cultura Ecuatoriana \u201cBenjam\u00edn Carri\u00f3n\u201d para el per\u00edodo 2025\u20132029, el colectivo \u201cRenacer Cultural Zamora Chinchipe\u201d present\u00f3 nuevamente su candidatura, luego de realizar ajustes solicitados por la Comisi\u00f3n Provincial Electoral.<\/p>\n<p>La lista, inicialmente encabezada por el activista Claudio Carmelo Torres Torres, fue ingresada cumpliendo con los requisitos establecidos en el Reglamento de Elecciones, seg\u00fan lo indic\u00f3 el colectivo. No obstante, representantes del grupo expresaron que, desde su presentaci\u00f3n, han enfrentado observaciones que, a su criterio, exceden lo contemplado por la normativa y afectan la imparcialidad del proceso.<\/p>\n<p>En respuesta a estas observaciones, y dentro del plazo fijado hasta el 26 de junio, el colectivo realiz\u00f3 los cambios solicitados. El Sr. Rodrigo Armando Romero Torres asumir\u00e1 la candidatura a Director Provincial, mientras que la Ing. Leydi Faviola Paredes Maldonado ocupar\u00e1 la Segunda Vocal\u00eda principal.<\/p>\n<p>Los integrantes de \u201cRenacer Cultural\u201d se\u00f1alaron que mantienen sus cr\u00edticas al Reglamento vigente y a la actuaci\u00f3n de la Comisi\u00f3n Provincial Electoral, indicando que han existido vicios de inconstitucionalidad, falta de claridad normativa y deficiencias t\u00e9cnicas que habr\u00edan afectado el derecho de participaci\u00f3n de los candidatos inicialmente propuestos.<\/p>\n<p>Pese a ello, el colectivo reiter\u00f3 su voluntad de participar en este proceso electoral y de contribuir con una gesti\u00f3n cultural renovada para la provincia de Zamora Chinchipe, mediante una propuesta abierta a los miembros de la Casa de la Cultura y del Registro \u00danico de Artistas y Gestores Culturales (RUAC).<\/p>\n","protected":false},"excerpt":{"rendered":"<p>En el marco del proceso electoral para designar al Presidente Nacional y Directores Provinciales de la Casa de la Cultura Ecuatoriana \u201cBenjam\u00edn Carri\u00f3n\u201d para el per\u00edodo 2025\u20132029, el colectivo \u201cRenacer Cultural Zamora Chinchipe\u201d present\u00f3 nuevamente su candidatura, luego de realizar ajustes solicitados por la Comisi\u00f3n Provincial Electoral. La lista, inicialmente encabezada por el activista Claudio [&hellip;]<\/p>\n","protected":false},"author":1,"featured_media":13277,"comment_status":"open","ping_status":"open","sticky":false,"template":"","format":"standard","meta":{"footnotes":""},"categories":[9],"tags":[],"_links":{"self":[{"href":"https:\/\/infozamoraec.com\/index.php\/wp-json\/wp\/v2\/posts\/13276"}],"collection":[{"href":"https:\/\/infozamoraec.com\/index.php\/wp-json\/wp\/v2\/posts"}],"about":[{"href":"https:\/\/infozamoraec.com\/index.php\/wp-json\/wp\/v2\/types\/post"}],"author":[{"embeddable":true,"href":"https:\/\/infozamoraec.com\/index.php\/wp-json\/wp\/v2\/users\/1"}],"replies":[{"embeddable":true,"href":"https:\/\/infozamoraec.com\/index.php\/wp-json\/wp\/v2\/comments?post=13276"}],"version-history":[{"count":1,"href":"https:\/\/infozamoraec.com\/index.php\/wp-json\/wp\/v2\/posts\/13276\/revisions"}],"predecessor-version":[{"id":13278,"href":"https:\/\/infozamoraec.com\/index.php\/wp-json\/wp\/v2\/posts\/13276\/revisions\/13278"}],"wp:featuredmedia":[{"embeddable":true,"href":"https:\/\/infozamoraec.com\/index.php\/wp-json\/wp\/v2\/media\/13277"}],"wp:attachment":[{"href":"https:\/\/infozamoraec.com\/index.php\/wp-json\/wp\/v2\/media?parent=13276"}],"wp:term":[{"taxonomy":"category","embeddable":true,"href":"https:\/\/infozamoraec.com\/index.php\/wp-json\/wp\/v2\/categories?post=13276"},{"taxonomy":"post_tag","embeddable":true,"href":"https:\/\/infozamoraec.com\/index.php\/wp-json\/wp\/v2\/tags?post=13276"}],"curies":[{"name":"wp","href":"https:\/\/api.w.org\/{rel}","templated":true}]}}