{"id":13262,"date":"2025-06-27T02:10:36","date_gmt":"2025-06-27T02:10:36","guid":{"rendered":"https:\/\/infozamoraec.com\/?p=13262"},"modified":"2025-06-27T02:10:36","modified_gmt":"2025-06-27T02:10:36","slug":"delegacion-electoral-de-zamora-chinchipe-rendira-cuentas-del-trabajo-ejecutado-en-2024","status":"publish","type":"post","link":"https:\/\/infozamoraec.com\/index.php\/2025\/06\/27\/delegacion-electoral-de-zamora-chinchipe-rendira-cuentas-del-trabajo-ejecutado-en-2024\/","title":{"rendered":"Delegaci\u00f3n Electoral de Zamora Chinchipe rendir\u00e1 cuentas del trabajo ejecutado en 2024"},"content":{"rendered":"<p>La Delegaci\u00f3n Provincial Electoral de Zamora Chinchipe realizar\u00e1 el acto de Rendici\u00f3n de Cuentas 2024, esta actividad se desarrolla en cumplimiento con lo establecido en el art\u00edculo 95 de la Ley Org\u00e1nica de Participaci\u00f3n Ciudadana. El evento se realizar\u00e1 el lunes, 30 de junio, a las 10:00, en el Sal\u00f3n Auditorio de la Democracia.<\/p>\n<p>En este espacio, los ciudadanos podr\u00e1n conocer el trabajo que realiz\u00f3 durante el a\u00f1o fiscal 2024 la instituci\u00f3n electoral en esta provincia y se enfocar\u00e1 en tres ejes de acci\u00f3n: Procesos Electorales, Participaci\u00f3n Pol\u00edtica y Fortalecimiento Institucional.<\/p>\n<p>Faviola Cabrera, responsable de la Unidad de Gesti\u00f3n Estrat\u00e9gica y Planificaci\u00f3n indic\u00f3 que la rendici\u00f3n de cuentas estar\u00e1 enfocada en el trabajo institucional; as\u00ed como en lo que concierne al Refer\u00e9ndum y Consulta Popular 2024; y en el cumplimiento del Calendario Electoral previsto para las Elecciones Generales de 2025.<\/p>\n<p>El informe preliminar de Rendici\u00f3n de Cuentas 2024 est\u00e1 disponible en la p\u00e1gina web\u00a0<a href=\"http:\/\/www.cne.gob.ec\" target=\"_blank\" rel=\"noopener\">www.cne.gob.ec<\/a>, en el apartado de la provincia de Zamora. Tambi\u00e9n los ciudadanos puedan presentar sus preguntas y sugerencias referente a la gesti\u00f3n de la instituci\u00f3n o enviarlas al correo electr\u00f3nico\u00a0<a href=\"mailto:zamora@cne.gob.ec\">zamora@cne.gob.ec<\/a>.<\/p>\n","protected":false},"excerpt":{"rendered":"<p>La Delegaci\u00f3n Provincial Electoral de Zamora Chinchipe realizar\u00e1 el acto de Rendici\u00f3n de Cuentas 2024, esta actividad se desarrolla en cumplimiento con lo establecido en el art\u00edculo 95 de la Ley Org\u00e1nica de Participaci\u00f3n Ciudadana. El evento se realizar\u00e1 el lunes, 30 de junio, a las 10:00, en el Sal\u00f3n Auditorio de la Democracia. En [&hellip;]<\/p>\n","protected":false},"author":1,"featured_media":13263,"comment_status":"open","ping_status":"open","sticky":false,"template":"","format":"standard","meta":{"footnotes":""},"categories":[9],"tags":[],"_links":{"self":[{"href":"https:\/\/infozamoraec.com\/index.php\/wp-json\/wp\/v2\/posts\/13262"}],"collection":[{"href":"https:\/\/infozamoraec.com\/index.php\/wp-json\/wp\/v2\/posts"}],"about":[{"href":"https:\/\/infozamoraec.com\/index.php\/wp-json\/wp\/v2\/types\/post"}],"author":[{"embeddable":true,"href":"https:\/\/infozamoraec.com\/index.php\/wp-json\/wp\/v2\/users\/1"}],"replies":[{"embeddable":true,"href":"https:\/\/infozamoraec.com\/index.php\/wp-json\/wp\/v2\/comments?post=13262"}],"version-history":[{"count":3,"href":"https:\/\/infozamoraec.com\/index.php\/wp-json\/wp\/v2\/posts\/13262\/revisions"}],"predecessor-version":[{"id":13266,"href":"https:\/\/infozamoraec.com\/index.php\/wp-json\/wp\/v2\/posts\/13262\/revisions\/13266"}],"wp:featuredmedia":[{"embeddable":true,"href":"https:\/\/infozamoraec.com\/index.php\/wp-json\/wp\/v2\/media\/13263"}],"wp:attachment":[{"href":"https:\/\/infozamoraec.com\/index.php\/wp-json\/wp\/v2\/media?parent=13262"}],"wp:term":[{"taxonomy":"category","embeddable":true,"href":"https:\/\/infozamoraec.com\/index.php\/wp-json\/wp\/v2\/categories?post=13262"},{"taxonomy":"post_tag","embeddable":true,"href":"https:\/\/infozamoraec.com\/index.php\/wp-json\/wp\/v2\/tags?post=13262"}],"curies":[{"name":"wp","href":"https:\/\/api.w.org\/{rel}","templated":true}]}}