{"id":13255,"date":"2025-06-27T02:01:48","date_gmt":"2025-06-27T02:01:48","guid":{"rendered":"https:\/\/infozamoraec.com\/?p=13255"},"modified":"2025-06-27T02:01:48","modified_gmt":"2025-06-27T02:01:48","slug":"policia-nacional-aprehende-a-presunto-implicado-en-robos-a-mano-armada-en-el-pangui","status":"publish","type":"post","link":"https:\/\/infozamoraec.com\/index.php\/2025\/06\/27\/policia-nacional-aprehende-a-presunto-implicado-en-robos-a-mano-armada-en-el-pangui\/","title":{"rendered":"Polic\u00eda Nacional aprehende a presunto implicado en robos a mano armada en El Pangui"},"content":{"rendered":"<p data-start=\"89\" data-end=\"349\">En una oportuna y efectiva intervenci\u00f3n, la Polic\u00eda Nacional del Ecuador logr\u00f3 la aprehensi\u00f3n de un ciudadano presuntamente implicado en una serie de robos a mano armada registrados en las \u00faltimas semanas en el cant\u00f3n El Pangui.<\/p>\n<p data-start=\"351\" data-end=\"745\">El operativo se activ\u00f3 la madrugada del jueves, cerca de las 02h40, luego de que un ciudadano se acercara visiblemente alterado a la Unidad de Polic\u00eda Comunitaria (UPC) para denunciar un asalto. Seg\u00fan el testimonio, un individuo que vest\u00eda camiseta blanca con azul, pantaloneta blanca y gorra negra, lo habr\u00eda amenazado con un arma de fuego y le sustrajo su tel\u00e9fono celular, d\u00e1ndose a la fuga.<\/p>\n<p data-start=\"747\" data-end=\"1110\">Ante la denuncia, los servidores policiales del circuito El Pangui activaron inmediatamente los protocolos de b\u00fasqueda y reacci\u00f3n. Junto con la v\u00edctima, se desplegaron patrullajes por diversos sectores del cant\u00f3n. A las 03h45, los uniformados localizaron a un sujeto que coincid\u00eda con la descripci\u00f3n proporcionada, en las inmediaciones del Municipio de El Pangui.<\/p>\n<p data-start=\"1112\" data-end=\"1306\">El sospechoso, al notar la presencia policial, intent\u00f3 huir, gener\u00e1ndose una persecuci\u00f3n que culmin\u00f3 con su aprehensi\u00f3n en la intersecci\u00f3n de las calles Hermanos Carri\u00f3n y Cordillera del C\u00f3ndor.<\/p>\n<p data-start=\"1308\" data-end=\"1370\">En poder del ciudadano se encontraron los siguientes indicios:<\/p>\n<ul data-start=\"1372\" data-end=\"1554\">\n<li data-start=\"1372\" data-end=\"1453\">\n<p data-start=\"1374\" data-end=\"1453\">Un arma de fuego tipo pistola marca Beretta, color plateado, sin alimentador.<\/p>\n<\/li>\n<li data-start=\"1454\" data-end=\"1505\">\n<p data-start=\"1456\" data-end=\"1505\">Un tel\u00e9fono celular marca Motorola, color azul.<\/p>\n<\/li>\n<li data-start=\"1506\" data-end=\"1554\">\n<p data-start=\"1508\" data-end=\"1554\">Un tel\u00e9fono celular marca Redmi, color azul.<\/p>\n<\/li>\n<\/ul>\n<p data-start=\"1556\" data-end=\"1836\">El aprehendido fue identificado como Gabriel S., de aproximadamente 28 a\u00f1os de edad. Fue trasladado al Subcentro de Salud de El Pangui para su valoraci\u00f3n m\u00e9dica y posteriormente a la sala de aislamiento temporal, quedando a la espera de la audiencia de calificaci\u00f3n de flagrancia.<\/p>\n<p data-start=\"1838\" data-end=\"1997\">La Polic\u00eda Judicial del Distrito Yantzaza se encarg\u00f3 del levantamiento t\u00e9cnico de las evidencias, asegurando el cumplimiento estricto de la cadena de custodia.<\/p>\n","protected":false},"excerpt":{"rendered":"<p>En una oportuna y efectiva intervenci\u00f3n, la Polic\u00eda Nacional del Ecuador logr\u00f3 la aprehensi\u00f3n de un ciudadano presuntamente implicado en una serie de robos a mano armada registrados en las \u00faltimas semanas en el cant\u00f3n El Pangui. El operativo se activ\u00f3 la madrugada del jueves, cerca de las 02h40, luego de que un ciudadano se [&hellip;]<\/p>\n","protected":false},"author":1,"featured_media":13256,"comment_status":"open","ping_status":"open","sticky":false,"template":"","format":"standard","meta":{"footnotes":""},"categories":[9],"tags":[],"_links":{"self":[{"href":"https:\/\/infozamoraec.com\/index.php\/wp-json\/wp\/v2\/posts\/13255"}],"collection":[{"href":"https:\/\/infozamoraec.com\/index.php\/wp-json\/wp\/v2\/posts"}],"about":[{"href":"https:\/\/infozamoraec.com\/index.php\/wp-json\/wp\/v2\/types\/post"}],"author":[{"embeddable":true,"href":"https:\/\/infozamoraec.com\/index.php\/wp-json\/wp\/v2\/users\/1"}],"replies":[{"embeddable":true,"href":"https:\/\/infozamoraec.com\/index.php\/wp-json\/wp\/v2\/comments?post=13255"}],"version-history":[{"count":2,"href":"https:\/\/infozamoraec.com\/index.php\/wp-json\/wp\/v2\/posts\/13255\/revisions"}],"predecessor-version":[{"id":13258,"href":"https:\/\/infozamoraec.com\/index.php\/wp-json\/wp\/v2\/posts\/13255\/revisions\/13258"}],"wp:featuredmedia":[{"embeddable":true,"href":"https:\/\/infozamoraec.com\/index.php\/wp-json\/wp\/v2\/media\/13256"}],"wp:attachment":[{"href":"https:\/\/infozamoraec.com\/index.php\/wp-json\/wp\/v2\/media?parent=13255"}],"wp:term":[{"taxonomy":"category","embeddable":true,"href":"https:\/\/infozamoraec.com\/index.php\/wp-json\/wp\/v2\/categories?post=13255"},{"taxonomy":"post_tag","embeddable":true,"href":"https:\/\/infozamoraec.com\/index.php\/wp-json\/wp\/v2\/tags?post=13255"}],"curies":[{"name":"wp","href":"https:\/\/api.w.org\/{rel}","templated":true}]}}