{"id":13231,"date":"2025-06-25T01:28:01","date_gmt":"2025-06-25T01:28:01","guid":{"rendered":"https:\/\/infozamoraec.com\/?p=13231"},"modified":"2025-06-25T01:28:25","modified_gmt":"2025-06-25T01:28:25","slug":"ministerio-de-salud-publica-aclara-horarios-y-atencion-de-emergencias-en-el-centro-de-salud-yacuambi","status":"publish","type":"post","link":"https:\/\/infozamoraec.com\/index.php\/2025\/06\/25\/ministerio-de-salud-publica-aclara-horarios-y-atencion-de-emergencias-en-el-centro-de-salud-yacuambi\/","title":{"rendered":"Ministerio de Salud P\u00fablica aclara horarios y atenci\u00f3n de emergencias en el Centro de Salud Yacuambi"},"content":{"rendered":"<p data-start=\"106\" data-end=\"470\">Frente a la denuncia difundida por algunos medios de comunicaci\u00f3n de Zamora Chinchipe sobre una presunta falta de atenci\u00f3n\u00a0 en el Centro de Salud de Yacuambi, el Ministerio de Salud P\u00fablica (MSP), a trav\u00e9s de la Coordinaci\u00f3n Zonal 7 y el Distrito 19D01 Zamora-Yacuambi, emiti\u00f3 un pronunciamiento oficial para aclarar la situaci\u00f3n.<\/p>\n<p data-start=\"472\" data-end=\"734\">Seg\u00fan la informaci\u00f3n proporcionada, el Centro de Salud Yacuambi est\u00e1 clasificado como Tipo A, lo que implica atenci\u00f3n m\u00e9dica de lunes a viernes, en horario de 08h00 a 17h00, conforme a la tipolog\u00eda establecida para los establecimientos de salud a nivel nacional.<\/p>\n<p data-start=\"736\" data-end=\"966\">El MSP aclar\u00f3 que fuera de este horario, las emergencias est\u00e1n cubiertas mediante el sistema articulado con el ECU 9-1-1, el cual cuenta con ambulancias y personal capacitado para brindar atenci\u00f3n prehospitalaria en el territorio.<\/p>\n<p data-start=\"968\" data-end=\"1209\">Las autoridades sanitarias reiteraron su compromiso con la atenci\u00f3n m\u00e9dica eficiente y responsable para la poblaci\u00f3n, e hicieron un llamado a la ciudadan\u00eda para informarse exclusivamente por los canales oficiales, evitando la desinformaci\u00f3n.<\/p>\n<p data-start=\"1211\" data-end=\"1455\" data-is-last-node=\"\" data-is-only-node=\"\">\u201cEl Ministerio de Salud P\u00fablica trabaja permanentemente para garantizar el acceso equitativo a servicios de salud, respetando la categorizaci\u00f3n de cada centro, y asegurando la respuesta oportuna ante cualquier emergencia\u201d, se\u00f1al\u00f3 el comunicado.<\/p>\n<p data-start=\"1211\" data-end=\"1455\" data-is-last-node=\"\" data-is-only-node=\"\">El video difundido en redes sociales muestra las puertas\u00a0 cerradas\u00a0 de la casa de\u00a0 salud, pero en horario nocturno; asimismo se menciona que varios usuarios han reclamado la\u00a0 falta de atenci\u00f3n de emergencias.<\/p>\n","protected":false},"excerpt":{"rendered":"<p>Frente a la denuncia difundida por algunos medios de comunicaci\u00f3n de Zamora Chinchipe sobre una presunta falta de atenci\u00f3n\u00a0 en el Centro de Salud de Yacuambi, el Ministerio de Salud P\u00fablica (MSP), a trav\u00e9s de la Coordinaci\u00f3n Zonal 7 y el Distrito 19D01 Zamora-Yacuambi, emiti\u00f3 un pronunciamiento oficial para aclarar la situaci\u00f3n. Seg\u00fan la informaci\u00f3n [&hellip;]<\/p>\n","protected":false},"author":1,"featured_media":13232,"comment_status":"open","ping_status":"open","sticky":false,"template":"","format":"standard","meta":{"footnotes":""},"categories":[9],"tags":[],"_links":{"self":[{"href":"https:\/\/infozamoraec.com\/index.php\/wp-json\/wp\/v2\/posts\/13231"}],"collection":[{"href":"https:\/\/infozamoraec.com\/index.php\/wp-json\/wp\/v2\/posts"}],"about":[{"href":"https:\/\/infozamoraec.com\/index.php\/wp-json\/wp\/v2\/types\/post"}],"author":[{"embeddable":true,"href":"https:\/\/infozamoraec.com\/index.php\/wp-json\/wp\/v2\/users\/1"}],"replies":[{"embeddable":true,"href":"https:\/\/infozamoraec.com\/index.php\/wp-json\/wp\/v2\/comments?post=13231"}],"version-history":[{"count":1,"href":"https:\/\/infozamoraec.com\/index.php\/wp-json\/wp\/v2\/posts\/13231\/revisions"}],"predecessor-version":[{"id":13233,"href":"https:\/\/infozamoraec.com\/index.php\/wp-json\/wp\/v2\/posts\/13231\/revisions\/13233"}],"wp:featuredmedia":[{"embeddable":true,"href":"https:\/\/infozamoraec.com\/index.php\/wp-json\/wp\/v2\/media\/13232"}],"wp:attachment":[{"href":"https:\/\/infozamoraec.com\/index.php\/wp-json\/wp\/v2\/media?parent=13231"}],"wp:term":[{"taxonomy":"category","embeddable":true,"href":"https:\/\/infozamoraec.com\/index.php\/wp-json\/wp\/v2\/categories?post=13231"},{"taxonomy":"post_tag","embeddable":true,"href":"https:\/\/infozamoraec.com\/index.php\/wp-json\/wp\/v2\/tags?post=13231"}],"curies":[{"name":"wp","href":"https:\/\/api.w.org\/{rel}","templated":true}]}}