{"id":13228,"date":"2025-06-25T01:17:01","date_gmt":"2025-06-25T01:17:01","guid":{"rendered":"https:\/\/infozamoraec.com\/?p=13228"},"modified":"2025-06-25T01:17:01","modified_gmt":"2025-06-25T01:17:01","slug":"escuela-amazonas-de-zamora-contara-con-bloques-de-aulas-con-aporte-de-la-prefectura","status":"publish","type":"post","link":"https:\/\/infozamoraec.com\/index.php\/2025\/06\/25\/escuela-amazonas-de-zamora-contara-con-bloques-de-aulas-con-aporte-de-la-prefectura\/","title":{"rendered":"Escuela Amazonas de Zamora contar\u00e1 con bloques de aulas con aporte de la Prefectura"},"content":{"rendered":"<p style=\"font-weight: 400;\">La Prefectura de Zamora Chinchipe contin\u00faa apoyando a la Educaci\u00f3n, en esta ocasi\u00f3n se inici\u00f3 con la construcci\u00f3n de 2 bloques de aulas en la Escuela de Educaci\u00f3n B\u00e1sica Amazonas de la ciudad de Zamora, cant\u00f3n Zamora. El presupuesto referencial de la obra es de\u00a0<strong>$ 100.000,00<\/strong>\u00a0y se estima su ejecuci\u00f3n en\u00a0<strong>120<\/strong>\u00a0d\u00edas. La prefecta Karla Re\u00e1tegui junto a las autoridades del Distrito de Educaci\u00f3n y de la escuela fueron los testigos del inicio de esta importante obra educativa.<\/p>\n<p style=\"font-weight: 400;\"><strong>\u00a0<\/strong>Marlene Le\u00f3n, directora de la Escuela de Educaci\u00f3n B\u00e1sica Amazonas, indic\u00f3 que marca un hecho transcendental para este centro educativo,<strong>\u00a0\u201cnos alegra iniciar los nuevos espacios escolares que pronto ser\u00e1n una realidad, estos bloques de aulas representan m\u00e1s que el cemento y ladrillo, representan bienestar y sue\u00f1os cumplidos para nuestras ni\u00f1as y ni\u00f1os que se educan\u201d.<\/strong><\/p>\n<p style=\"font-weight: 400;\"><strong>\u00a0<\/strong>Los trabajos consisten en: construcci\u00f3n de la estructura de hormig\u00f3n armado, trabajos de alba\u00f1iler\u00eda y metal \u2013 mec\u00e1nica para habilitar tres aulas modulares sobre el bloque B1 y tres aulas modulares sobre el bloque B2, en beneficio de aproximadamente 32 docentes y 650 estudiantes.<\/p>\n<p style=\"font-weight: 400;\"><strong>\u00a0<\/strong>La prefecta Karla Re\u00e1tegui en su intervenci\u00f3n destac\u00f3 que son m\u00e1s de 10 a\u00f1os que no ha llegado ninguna obra a esta unidad educativa, y esta Prefectura hace realidad,\u00a0<strong>\u201cporque nuestra mayor representaci\u00f3n es el respeto a la palabra, cuando llegamos a la administraci\u00f3n, les dimos la palabra y la estamos cumpliendo, me alegra el trabajo que estamos haciendo en educaci\u00f3n, sin dejar de atender las competencias que son de la Prefectura\u201d.<\/strong><\/p>\n<p style=\"font-weight: 400;\">Jeanine Orellana, presidenta del comit\u00e9 central de padres de familia, hizo referencia que son 69 a\u00f1os de creaci\u00f3n de la escuela en una casita de tablas y con el paso de las autoridades se ha logrado el cambio,\u00a0<strong>\u201cdespu\u00e9s de mucho esfuerzo y dedicaci\u00f3n este proyecto es fruto de la colaboraci\u00f3n de muchas personas que han cre\u00eddo en la importancia de tener mejores d\u00edas para nuestros ni\u00f1os y una de ellas es la Prefecta, que pese a no ser competencia usted crey\u00f3 conveniente apoyar en la educaci\u00f3n de la ciudad de Zamora\u201d.<\/strong><\/p>\n<p style=\"font-weight: 400;\"><strong>\u00a0<\/strong>Medardo Ortega, director distrital 19-D01, agradeci\u00f3 al Gobierno Provincial de Zamora Chinchipe, por inyectar los recursos y que por a\u00f1os ven\u00edan solicitando estos bloques de aulas.<\/p>\n<p style=\"font-weight: 400;\"><strong>\u00a0<\/strong><strong>Dato:<\/strong><\/p>\n<p style=\"font-weight: 400;\"><strong>Con esta obra suman cuatro bloques de aulas a nivel provincial, que se edifican con m\u00e1s de USD 500.000 de inversi\u00f3n.<\/strong><\/p>\n","protected":false},"excerpt":{"rendered":"<p>La Prefectura de Zamora Chinchipe contin\u00faa apoyando a la Educaci\u00f3n, en esta ocasi\u00f3n se inici\u00f3 con la construcci\u00f3n de 2 bloques de aulas en la Escuela de Educaci\u00f3n B\u00e1sica Amazonas de la ciudad de Zamora, cant\u00f3n Zamora. El presupuesto referencial de la obra es de\u00a0$ 100.000,00\u00a0y se estima su ejecuci\u00f3n en\u00a0120\u00a0d\u00edas. La prefecta Karla Re\u00e1tegui [&hellip;]<\/p>\n","protected":false},"author":1,"featured_media":13229,"comment_status":"open","ping_status":"open","sticky":false,"template":"","format":"standard","meta":{"footnotes":""},"categories":[9],"tags":[],"_links":{"self":[{"href":"https:\/\/infozamoraec.com\/index.php\/wp-json\/wp\/v2\/posts\/13228"}],"collection":[{"href":"https:\/\/infozamoraec.com\/index.php\/wp-json\/wp\/v2\/posts"}],"about":[{"href":"https:\/\/infozamoraec.com\/index.php\/wp-json\/wp\/v2\/types\/post"}],"author":[{"embeddable":true,"href":"https:\/\/infozamoraec.com\/index.php\/wp-json\/wp\/v2\/users\/1"}],"replies":[{"embeddable":true,"href":"https:\/\/infozamoraec.com\/index.php\/wp-json\/wp\/v2\/comments?post=13228"}],"version-history":[{"count":1,"href":"https:\/\/infozamoraec.com\/index.php\/wp-json\/wp\/v2\/posts\/13228\/revisions"}],"predecessor-version":[{"id":13230,"href":"https:\/\/infozamoraec.com\/index.php\/wp-json\/wp\/v2\/posts\/13228\/revisions\/13230"}],"wp:featuredmedia":[{"embeddable":true,"href":"https:\/\/infozamoraec.com\/index.php\/wp-json\/wp\/v2\/media\/13229"}],"wp:attachment":[{"href":"https:\/\/infozamoraec.com\/index.php\/wp-json\/wp\/v2\/media?parent=13228"}],"wp:term":[{"taxonomy":"category","embeddable":true,"href":"https:\/\/infozamoraec.com\/index.php\/wp-json\/wp\/v2\/categories?post=13228"},{"taxonomy":"post_tag","embeddable":true,"href":"https:\/\/infozamoraec.com\/index.php\/wp-json\/wp\/v2\/tags?post=13228"}],"curies":[{"name":"wp","href":"https:\/\/api.w.org\/{rel}","templated":true}]}}