{"id":13224,"date":"2025-06-25T01:15:10","date_gmt":"2025-06-25T01:15:10","guid":{"rendered":"https:\/\/infozamoraec.com\/?p=13224"},"modified":"2025-06-25T01:15:10","modified_gmt":"2025-06-25T01:15:10","slug":"centro-social-san-francisco-de-asis-esta-cambiando-vidas-en-chinchipe","status":"publish","type":"post","link":"https:\/\/infozamoraec.com\/index.php\/2025\/06\/25\/centro-social-san-francisco-de-asis-esta-cambiando-vidas-en-chinchipe\/","title":{"rendered":"Centro Social \u201cSan Francisco de As\u00eds, est\u00e1 cambiando vidas en Chinchipe"},"content":{"rendered":"<p style=\"font-weight: 400;\">Patricio Paccha Alberca, tiene 11 a\u00f1os, desde muy temprana edad fue diagnosticado con Tetraplejia, una patolog\u00eda con discapacidad que le imposibilita llevar una vida con normalidad. Actualmente, es uno de los 33 usuarios del Centro Social\u00a0<strong>\u201cSan Francisco de As\u00eds\u201d,<\/strong>\u00a0implementado este 2025 por la Prefectura de Zamora Chinchipe en Zumba, y tras varios meses de terapia ya presenta cambios notables en su desarrollo.<\/p>\n<p style=\"font-weight: 400;\"><strong>\u00a0<\/strong>Todos los d\u00edas, a las cinco de la ma\u00f1ana su mam\u00e1, Rosa Alberca, inicia su jornada con el desayuno para el resto de sus integrantes. Luego se dedica 100% con el cuidado de su hijo, desde el barrio Nueva Esperanza, lleva a Patricio a sus terapias. Con l\u00e1grimas, y su voz entrecortada menciona que, antes llevaba a su hijo a Loja a recibir las terapias; pero no tuvo un resultado efectivo,<strong>\u00a0\u201cgracias a este proyecto que ya tenemos en Zumba es diferente, los resultados est\u00e1n dando frutos, me siento muy motivada con la se\u00f1ora Prefecta por haber pensado en las personas con discapacidad que por lo general en su mayor\u00eda somos de escasos recursos econ\u00f3micos\u201d.<\/strong><\/p>\n<p style=\"font-weight: 400;\"><strong>\u00a0<\/strong>Desde marzo de este a\u00f1o, Patricio viene recibiendo terapia f\u00edsica, psicolog\u00eda, lenguaje, hidroterapia y equinoterapia, los resultados son evidentes y significativos, su evoluci\u00f3n es progresiva. As\u00ed lo mencionan los t\u00e9cnicos,\u00a0<strong>\u201ccuando lleg\u00f3 no daba pasos porque sus pies eran encogidos, ahora ya camina cogido de los brazos, como terapistas sentimos esa emotividad en su rostro cuando se logra lo planteado (\u2026).\u201d,\u00a0<\/strong>indica Tania Romero, analista administradora del Centro en Zumba, quien adem\u00e1s inform\u00f3 que,\u00a0<strong>\u201cexiste bastante demanda, este cant\u00f3n tiene un alto \u00edndice de discapacidad y aspiramos poder brindar este apoyo y poder seguir cambiando la vida de quienes lo necesitan\u201d.<\/strong><\/p>\n<p style=\"font-weight: 400;\">\u00d3scar Riera, terapista f\u00edsico del centro, expuso que parte de su tratamiento son los ejercicios activos asistidos para que pueda elongar sus m\u00fasculos que le ha permitido dar sus primeros pasos.\u00a0<strong>\u201cComo terapista tengo una satisfacci\u00f3n personal y profesional, me ha tocado el fondo de mi coraz\u00f3n, al inicio era t\u00edmido y preocupado, pero se adapt\u00f3 a la confianza paciente-t\u00e9cnico y le est\u00e1 permitiendo mejorar su estado f\u00edsico como an\u00edmico\u201d.<\/strong><\/p>\n<p style=\"font-weight: 400;\">De esta manera, es como la Prefectura de Zamora Chinchipe, representada por la primera prefecta mujer, trabaja no solo en obras de cemento, sino en la parte social, pues, se cambian realidades sociales y humanas. Cabe resaltar que, este proyecto ha sido implementado, adem\u00e1s, bajo una importante gesti\u00f3n del p\u00e1rroco de Zumba, las autoridades locales, la reina de la provincia, y sobre todo los padres de familia de los usuarios.<\/p>\n<p style=\"font-weight: 400;\"><strong>\u00a0<\/strong><strong>Dato:<\/strong><\/p>\n<p style=\"font-weight: 400;\">El horario de atenci\u00f3n es de lunes a viernes de 08:00-12:30 y 13:30-17:00, cuenta con cinco terapistas en sus diferentes \u00e1reas (terapia f\u00edsica, terapia de lenguaje, psicolog\u00eda, terapia alternativa de Hidroterapia y equinoterapia).<\/p>\n","protected":false},"excerpt":{"rendered":"<p>Patricio Paccha Alberca, tiene 11 a\u00f1os, desde muy temprana edad fue diagnosticado con Tetraplejia, una patolog\u00eda con discapacidad que le imposibilita llevar una vida con normalidad. Actualmente, es uno de los 33 usuarios del Centro Social\u00a0\u201cSan Francisco de As\u00eds\u201d,\u00a0implementado este 2025 por la Prefectura de Zamora Chinchipe en Zumba, y tras varios meses de terapia [&hellip;]<\/p>\n","protected":false},"author":1,"featured_media":13225,"comment_status":"open","ping_status":"open","sticky":false,"template":"","format":"standard","meta":{"footnotes":""},"categories":[9],"tags":[],"_links":{"self":[{"href":"https:\/\/infozamoraec.com\/index.php\/wp-json\/wp\/v2\/posts\/13224"}],"collection":[{"href":"https:\/\/infozamoraec.com\/index.php\/wp-json\/wp\/v2\/posts"}],"about":[{"href":"https:\/\/infozamoraec.com\/index.php\/wp-json\/wp\/v2\/types\/post"}],"author":[{"embeddable":true,"href":"https:\/\/infozamoraec.com\/index.php\/wp-json\/wp\/v2\/users\/1"}],"replies":[{"embeddable":true,"href":"https:\/\/infozamoraec.com\/index.php\/wp-json\/wp\/v2\/comments?post=13224"}],"version-history":[{"count":2,"href":"https:\/\/infozamoraec.com\/index.php\/wp-json\/wp\/v2\/posts\/13224\/revisions"}],"predecessor-version":[{"id":13227,"href":"https:\/\/infozamoraec.com\/index.php\/wp-json\/wp\/v2\/posts\/13224\/revisions\/13227"}],"wp:featuredmedia":[{"embeddable":true,"href":"https:\/\/infozamoraec.com\/index.php\/wp-json\/wp\/v2\/media\/13225"}],"wp:attachment":[{"href":"https:\/\/infozamoraec.com\/index.php\/wp-json\/wp\/v2\/media?parent=13224"}],"wp:term":[{"taxonomy":"category","embeddable":true,"href":"https:\/\/infozamoraec.com\/index.php\/wp-json\/wp\/v2\/categories?post=13224"},{"taxonomy":"post_tag","embeddable":true,"href":"https:\/\/infozamoraec.com\/index.php\/wp-json\/wp\/v2\/tags?post=13224"}],"curies":[{"name":"wp","href":"https:\/\/api.w.org\/{rel}","templated":true}]}}