{"id":13216,"date":"2025-06-24T02:23:00","date_gmt":"2025-06-24T02:23:00","guid":{"rendered":"https:\/\/infozamoraec.com\/?p=13216"},"modified":"2025-06-24T02:23:00","modified_gmt":"2025-06-24T02:23:00","slug":"sindicato-de-choferes-de-zamora-chinchipe-homenajeo-a-sus-socios-en-sesion-solemne-por-el-dia-del-chofer-ecuatoriano","status":"publish","type":"post","link":"https:\/\/infozamoraec.com\/index.php\/2025\/06\/24\/sindicato-de-choferes-de-zamora-chinchipe-homenajeo-a-sus-socios-en-sesion-solemne-por-el-dia-del-chofer-ecuatoriano\/","title":{"rendered":"Sindicato de Choferes de Zamora Chinchipe homenaje\u00f3 a sus socios en Sesi\u00f3n Solemne por el D\u00eda del Chofer Ecuatoriano"},"content":{"rendered":"<p data-start=\"122\" data-end=\"379\">Con motivo del D\u00eda Cl\u00e1sico del Chofer Ecuatoriano, el Sindicato de Choferes Profesionales de Zamora Chinchipe celebr\u00f3 la noche del s\u00e1bado su Sesi\u00f3n Solemne 2025, en un acto cargado de emotividad, reconocimiento y uni\u00f3n gremial.<\/p>\n<p data-start=\"381\" data-end=\"721\">El evento cont\u00f3 con la participaci\u00f3n de autoridades provinciales, invitados especiales y miembros del sindicato, quienes se congregaron para rendir homenaje a los socios que cumplieron 20 a\u00f1os de aportaci\u00f3n institucional. Su constancia y compromiso fueron reconocidos como un ejemplo de profesionalismo y entrega al servicio del transporte.<\/p>\n<p data-start=\"723\" data-end=\"1038\">Durante la ceremonia, el secretario general del gremio, Mauricio Rivera, conocido como \u201cBillete Rivera\u201d, destac\u00f3 la importancia de este d\u00eda no solo como una fecha conmemorativa, sino como una oportunidad para reflexionar sobre el rol fundamental que cumplen los choferes en el desarrollo de la provincia y del pa\u00eds.<\/p>\n<p data-start=\"1040\" data-end=\"1250\">\u201cEste es un momento para valorar el esfuerzo, la responsabilidad y la trayectoria de quienes forman parte de esta gran familia. Celebramos a los que d\u00eda a d\u00eda conducen con orgullo y compromiso\u201d, expres\u00f3 Rivera.<\/p>\n<p data-start=\"1252\" data-end=\"1501\" data-is-last-node=\"\" data-is-only-node=\"\">La jornada finaliz\u00f3 con un renovado compromiso del sindicato de seguir fortaleciendo la unidad, la capacitaci\u00f3n y los derechos de todos los transportistas profesionales de Zamora Chinchipe, consolidando as\u00ed su labor como motor del progreso regional.<\/p>\n","protected":false},"excerpt":{"rendered":"<p>Con motivo del D\u00eda Cl\u00e1sico del Chofer Ecuatoriano, el Sindicato de Choferes Profesionales de Zamora Chinchipe celebr\u00f3 la noche del s\u00e1bado su Sesi\u00f3n Solemne 2025, en un acto cargado de emotividad, reconocimiento y uni\u00f3n gremial. El evento cont\u00f3 con la participaci\u00f3n de autoridades provinciales, invitados especiales y miembros del sindicato, quienes se congregaron para rendir [&hellip;]<\/p>\n","protected":false},"author":1,"featured_media":13217,"comment_status":"open","ping_status":"open","sticky":false,"template":"","format":"standard","meta":{"footnotes":""},"categories":[9],"tags":[],"_links":{"self":[{"href":"https:\/\/infozamoraec.com\/index.php\/wp-json\/wp\/v2\/posts\/13216"}],"collection":[{"href":"https:\/\/infozamoraec.com\/index.php\/wp-json\/wp\/v2\/posts"}],"about":[{"href":"https:\/\/infozamoraec.com\/index.php\/wp-json\/wp\/v2\/types\/post"}],"author":[{"embeddable":true,"href":"https:\/\/infozamoraec.com\/index.php\/wp-json\/wp\/v2\/users\/1"}],"replies":[{"embeddable":true,"href":"https:\/\/infozamoraec.com\/index.php\/wp-json\/wp\/v2\/comments?post=13216"}],"version-history":[{"count":2,"href":"https:\/\/infozamoraec.com\/index.php\/wp-json\/wp\/v2\/posts\/13216\/revisions"}],"predecessor-version":[{"id":13219,"href":"https:\/\/infozamoraec.com\/index.php\/wp-json\/wp\/v2\/posts\/13216\/revisions\/13219"}],"wp:featuredmedia":[{"embeddable":true,"href":"https:\/\/infozamoraec.com\/index.php\/wp-json\/wp\/v2\/media\/13217"}],"wp:attachment":[{"href":"https:\/\/infozamoraec.com\/index.php\/wp-json\/wp\/v2\/media?parent=13216"}],"wp:term":[{"taxonomy":"category","embeddable":true,"href":"https:\/\/infozamoraec.com\/index.php\/wp-json\/wp\/v2\/categories?post=13216"},{"taxonomy":"post_tag","embeddable":true,"href":"https:\/\/infozamoraec.com\/index.php\/wp-json\/wp\/v2\/tags?post=13216"}],"curies":[{"name":"wp","href":"https:\/\/api.w.org\/{rel}","templated":true}]}}