{"id":13210,"date":"2025-06-24T02:06:50","date_gmt":"2025-06-24T02:06:50","guid":{"rendered":"https:\/\/infozamoraec.com\/?p=13210"},"modified":"2025-06-24T02:06:50","modified_gmt":"2025-06-24T02:06:50","slug":"colombia-poblado-bajo-poder-guerrillero-retiene-a-militares","status":"publish","type":"post","link":"https:\/\/infozamoraec.com\/index.php\/2025\/06\/24\/colombia-poblado-bajo-poder-guerrillero-retiene-a-militares\/","title":{"rendered":"Colombia: poblado bajo poder guerrillero retiene a militares"},"content":{"rendered":"<p>Al menos 57 soldados del Ej\u00e9rcito de\u00a0<a class=\"internal-link\" href=\"https:\/\/www.dw.com\/es\/colombia\/t-17411736\" target=\"_blank\" rel=\"noopener\">Colombia<\/a>\u00a0permanec\u00edan retenidos este domingo (22.06.2025) por pobladores de una regi\u00f3n del suroeste del pa\u00eds dominada por la guerrilla, inform\u00f3 la instituci\u00f3n.<\/p>\n<p>Un primer pelot\u00f3n de uniformados realizaba una operaci\u00f3n en El Tambo, un municipio que forma parte de la zona conocida como el Ca\u00f1\u00f3n del Micay, cuando civiles los retuvieron el s\u00e1bado, seg\u00fan un mensaje enviado a periodistas.<\/p>\n<p>Este domingo otro grupo de militares fue rodeado por al menos 200 pobladores cuando se dirig\u00eda hacia El Plateado, otro pueblo de la regi\u00f3n.<\/p>\n<p>\u00abComo resultado de ambos hechos, en total, cuatro suboficiales y 53 soldados profesionales permanecen privados de su libertad\u00bb, dijo el Ej\u00e9rcito.<\/p>\n<p>Esta es una pr\u00e1ctica com\u00fan en regiones conflictivas de Colombia. Para impedir el avance de la fuerza p\u00fablica, algunos grupos ilegales ordenan a civiles este tipo de acciones. Los liberan horas despu\u00e9s, tras la intermediaci\u00f3n de entidades defensoras de derechos humanos.<\/p>\n<p>El general Federico Alberto Mej\u00eda sostuvo en un video que se trata de un \u00absecuestro\u00bb por parte de guerrilleros \u00abinfiltrados\u00bb en la comunidad.<\/p>\n<h2>Petro llama a que sean liberados<\/h2>\n<p>El Ej\u00e9rcito asegura que los campesinos reciben \u00f3rdenes del denominado Estado Mayor Central (EMC), la principal disidencia de las\u00a0<a class=\"internal-link\" href=\"https:\/\/www.dw.com\/es\/farc\/t-17412276\" target=\"_blank\" rel=\"noopener\">FARC<\/a>\u00a0que no firm\u00f3 el acuerdo de paz de 2016 con el gobierno de la \u00e9poca.<\/p>\n<p>El presidente\u00a0<a class=\"internal-link\" href=\"https:\/\/www.dw.com\/es\/gustavo-petro\/t-42895097\" target=\"_blank\" rel=\"noopener\">Gustavo Petro<\/a>\u00a0invit\u00f3 a los campesinos a \u00abdejar de creer en actores armados que obedecen\u00bb a \u00abextranjeros\u00bb, en referencia a los supuestos v\u00ednculos que tienen los guerrilleros con carteles mexicanos.<\/p>\n<p>\u00abNosotros queremos generalizar la paz, pero liberar a los soldados, que son sus propios hijos, es imperativo\u00bb, escribi\u00f3 el mandatario izquierdista en la red social X.<\/p>\n<p>Petro intenta desde hace meses que las Fuerzas Armadas logren ingresar a todo el Ca\u00f1\u00f3n del Micay, un enclave para la producci\u00f3n de coca\u00edna.<\/p>\n<p>En marzo, en esta misma zona fueron retenidos por pobladores 29 militares y polic\u00edas. Todos fueron liberados dos d\u00edas despu\u00e9s.<\/p>\n<p>Colombia vive su peor crisis de seguridad en la \u00faltima d\u00e9cada. Petro intent\u00f3 negociar la paz con el EMC, pero su principal cabecilla, \u00abIv\u00e1n Mordisco\u00bb, abandon\u00f3 los di\u00e1logos.<\/p>\n<p>mg (afp, El Espectador)<\/p>\n","protected":false},"excerpt":{"rendered":"<p>Al menos 57 soldados del Ej\u00e9rcito de\u00a0Colombia\u00a0permanec\u00edan retenidos este domingo (22.06.2025) por pobladores de una regi\u00f3n del suroeste del pa\u00eds dominada por la guerrilla, inform\u00f3 la instituci\u00f3n. Un primer pelot\u00f3n de uniformados realizaba una operaci\u00f3n en El Tambo, un municipio que forma parte de la zona conocida como el Ca\u00f1\u00f3n del Micay, cuando civiles los [&hellip;]<\/p>\n","protected":false},"author":1,"featured_media":13211,"comment_status":"open","ping_status":"open","sticky":false,"template":"","format":"standard","meta":{"footnotes":""},"categories":[8],"tags":[],"_links":{"self":[{"href":"https:\/\/infozamoraec.com\/index.php\/wp-json\/wp\/v2\/posts\/13210"}],"collection":[{"href":"https:\/\/infozamoraec.com\/index.php\/wp-json\/wp\/v2\/posts"}],"about":[{"href":"https:\/\/infozamoraec.com\/index.php\/wp-json\/wp\/v2\/types\/post"}],"author":[{"embeddable":true,"href":"https:\/\/infozamoraec.com\/index.php\/wp-json\/wp\/v2\/users\/1"}],"replies":[{"embeddable":true,"href":"https:\/\/infozamoraec.com\/index.php\/wp-json\/wp\/v2\/comments?post=13210"}],"version-history":[{"count":1,"href":"https:\/\/infozamoraec.com\/index.php\/wp-json\/wp\/v2\/posts\/13210\/revisions"}],"predecessor-version":[{"id":13212,"href":"https:\/\/infozamoraec.com\/index.php\/wp-json\/wp\/v2\/posts\/13210\/revisions\/13212"}],"wp:featuredmedia":[{"embeddable":true,"href":"https:\/\/infozamoraec.com\/index.php\/wp-json\/wp\/v2\/media\/13211"}],"wp:attachment":[{"href":"https:\/\/infozamoraec.com\/index.php\/wp-json\/wp\/v2\/media?parent=13210"}],"wp:term":[{"taxonomy":"category","embeddable":true,"href":"https:\/\/infozamoraec.com\/index.php\/wp-json\/wp\/v2\/categories?post=13210"},{"taxonomy":"post_tag","embeddable":true,"href":"https:\/\/infozamoraec.com\/index.php\/wp-json\/wp\/v2\/tags?post=13210"}],"curies":[{"name":"wp","href":"https:\/\/api.w.org\/{rel}","templated":true}]}}