{"id":13207,"date":"2025-06-24T02:05:32","date_gmt":"2025-06-24T02:05:32","guid":{"rendered":"https:\/\/infozamoraec.com\/?p=13207"},"modified":"2025-06-24T02:05:32","modified_gmt":"2025-06-24T02:05:32","slug":"el-salvador-niega-a-fiscal-venezolano-defensa-de-deportados","status":"publish","type":"post","link":"https:\/\/infozamoraec.com\/index.php\/2025\/06\/24\/el-salvador-niega-a-fiscal-venezolano-defensa-de-deportados\/","title":{"rendered":"El Salvador niega a fiscal venezolano defensa de deportados"},"content":{"rendered":"<p>La Corte Suprema de\u00a0<a class=\"internal-link\" href=\"https:\/\/www.dw.com\/es\/el-salvador\/t-17411929\" target=\"_blank\" rel=\"noopener\">El Salvador<\/a>\u00a0rechaz\u00f3 un pedido de la fiscal\u00eda de\u00a0<a class=\"internal-link\" href=\"https:\/\/www.dw.com\/es\/venezuela\/t-17410652\" target=\"_blank\" rel=\"noopener\">Venezuela<\/a>\u00a0para defender a 252 migrantes venezolanos presos en el pa\u00eds centroamericano tras ser deportados por Estados Unidos, seg\u00fan una resoluci\u00f3n conocida este lunes (23.06.2025) que Caracas tild\u00f3 de \u00abvergonzosa\u00bb.<\/p>\n<p>Los venezolanos fueron expulsados por el gobierno de Donald Trump desde el 15 de marzo, acusados, sin presentar pruebas, de integrar la banda criminal Tren de Aragua. Fueron recluidos en el Cecot, una c\u00e1rcel de m\u00e1xima seguridad en El Salvador construida para pandilleros por el presidente Nayib Bukele.<\/p>\n<p>\u00abDecl\u00e1rase sin lugar la intervenci\u00f3n requerida mediante correo electr\u00f3nico particular a nombre del se\u00f1or -fiscal- Tarek William Saab, por no cumplirse con los presupuestos esenciales establecidos en la legislaci\u00f3n nacional y convencional respectiva\u00bb, dice la resoluci\u00f3n de la Sala Constitucional de la Corte Suprema.<\/p>\n<p>En la misma resoluci\u00f3n, la Corte dio tres d\u00edas de plazo para que un bufete de abogados, contratado por el gobierno de Venezuela para defender a los migrantes presos, entregue informaci\u00f3n que complemente un recurso de habeas corpus que present\u00f3 a fines de marzo.<\/p>\n<h2>Saab dice que es una \u00abmaniobra dilatoria y evasiva\u00bb<\/h2>\n<p>Saab se\u00f1al\u00f3 que se trata de una \u00abrespuesta vergonzosa\u00bb y una \u00abmaniobra dilatoria y evasiva\u00bb de la Corte para \u00abdesentenderse de su responsabilidad constitucional de proteger la libertad y la integridad personal\u00bb de los migrantes.<\/p>\n<p>El Estado salvadore\u00f1o \u00abha optado por (&#8230;) negar toda cooperaci\u00f3n\u00bb, apunt\u00f3 el fiscal general venezolano en un comunicado, e insisti\u00f3 en poner a disposici\u00f3n de la justicia salvadore\u00f1a un total de 116 entrevistas realizadas a familiares de los detenidos como parte de \u00abb\u00fasqueda de justicia\u00bb.<\/p>\n<p>La resoluci\u00f3n salvadore\u00f1a dio tres d\u00edas de plazo a los abogados del bufete de Jaime Ortega para aclarar \u00abcu\u00e1l es el reclamo concreto que desean plantear ante esta sala, se\u00f1alando cu\u00e1les son los hechos alegados (&#8230;), la autoridad o autoridades a la que los atribuyen y por qu\u00e9 raz\u00f3n consideran que vulnera los derechos tutelados\u00bb mediante el habeas corpus.<\/p>\n<p>Adem\u00e1s, les pidi\u00f3 que aclaren \u00abpor qu\u00e9 raz\u00f3n aseguran que las personas mencionadas en su escrito de solicitud efectivamente se encuentran privadas de libertad\u00bb en el Cecot.<\/p>\n<p>La Corte les solicit\u00f3 asimismo que explicaran \u00abpor qu\u00e9 afirman que a los detenidos no se les ha permitido la comunicaci\u00f3n con sus familiares y abogados\u00bb.<\/p>\n<p>Tambi\u00e9n indic\u00f3 que los abogados \u00abdeber\u00e1n exponer qu\u00e9 acciones han realizado para comunicarse con ellos y qu\u00e9 respuestas han recibido de las autoridades respectivas\u00bb.<\/p>\n<p>Poco despu\u00e9s de conocida la resoluci\u00f3n, el bufete anunci\u00f3 que present\u00f3 este lunes \u00abel escrito de subsanaci\u00f3n\u00bb solicitado por la Corte.<\/p>\n<p>Los cinco miembros de la Sala Constitucional de El Salvador fueron nombrados en 2021 por el Congreso dominado por el partido de Bukele, que destituy\u00f3 a los anteriores magistrados, quienes hab\u00edan emitido fallos que no le agradaron.<\/p>\n<h2>Familiares de venezolanos llegaron a El Salvador<\/h2>\n<p>Familiares de los venezolanos deportados estuvieron en El Salvador este mes sin que el gobierno de Bukele les permitiera verlos o tener una prueba de vida.<\/p>\n<p>\u00abEstuvimos tan cerca, pero a la vez tan lejos\u00bb, dijo a la AFP antes de dejar El Salvador Jhoanna Sanguino, t\u00eda de Widmer Agelvis Sanguino, uno de los deportados, de 24 a\u00f1os.<\/p>\n<p>Washington acord\u00f3 pagar al gobierno de Bukele seis millones de d\u00f3lares por tenerlos presos.<\/p>\n<p>Organismos como Amnist\u00eda Internacional y Human Rights Watch consideran que estas detenciones violan los derechos humanos.<\/p>\n<p>jc (afp, efe)<\/p>\n","protected":false},"excerpt":{"rendered":"<p>La Corte Suprema de\u00a0El Salvador\u00a0rechaz\u00f3 un pedido de la fiscal\u00eda de\u00a0Venezuela\u00a0para defender a 252 migrantes venezolanos presos en el pa\u00eds centroamericano tras ser deportados por Estados Unidos, seg\u00fan una resoluci\u00f3n conocida este lunes (23.06.2025) que Caracas tild\u00f3 de \u00abvergonzosa\u00bb. Los venezolanos fueron expulsados por el gobierno de Donald Trump desde el 15 de marzo, acusados, [&hellip;]<\/p>\n","protected":false},"author":1,"featured_media":13208,"comment_status":"open","ping_status":"open","sticky":false,"template":"","format":"standard","meta":{"footnotes":""},"categories":[8],"tags":[],"_links":{"self":[{"href":"https:\/\/infozamoraec.com\/index.php\/wp-json\/wp\/v2\/posts\/13207"}],"collection":[{"href":"https:\/\/infozamoraec.com\/index.php\/wp-json\/wp\/v2\/posts"}],"about":[{"href":"https:\/\/infozamoraec.com\/index.php\/wp-json\/wp\/v2\/types\/post"}],"author":[{"embeddable":true,"href":"https:\/\/infozamoraec.com\/index.php\/wp-json\/wp\/v2\/users\/1"}],"replies":[{"embeddable":true,"href":"https:\/\/infozamoraec.com\/index.php\/wp-json\/wp\/v2\/comments?post=13207"}],"version-history":[{"count":1,"href":"https:\/\/infozamoraec.com\/index.php\/wp-json\/wp\/v2\/posts\/13207\/revisions"}],"predecessor-version":[{"id":13209,"href":"https:\/\/infozamoraec.com\/index.php\/wp-json\/wp\/v2\/posts\/13207\/revisions\/13209"}],"wp:featuredmedia":[{"embeddable":true,"href":"https:\/\/infozamoraec.com\/index.php\/wp-json\/wp\/v2\/media\/13208"}],"wp:attachment":[{"href":"https:\/\/infozamoraec.com\/index.php\/wp-json\/wp\/v2\/media?parent=13207"}],"wp:term":[{"taxonomy":"category","embeddable":true,"href":"https:\/\/infozamoraec.com\/index.php\/wp-json\/wp\/v2\/categories?post=13207"},{"taxonomy":"post_tag","embeddable":true,"href":"https:\/\/infozamoraec.com\/index.php\/wp-json\/wp\/v2\/tags?post=13207"}],"curies":[{"name":"wp","href":"https:\/\/api.w.org\/{rel}","templated":true}]}}