{"id":13204,"date":"2025-06-24T01:55:06","date_gmt":"2025-06-24T01:55:06","guid":{"rendered":"https:\/\/infozamoraec.com\/?p=13204"},"modified":"2025-06-24T01:55:06","modified_gmt":"2025-06-24T01:55:06","slug":"refineria-de-esmeraldas-arrancara-progresivamente-su-operacion-desde-julio","status":"publish","type":"post","link":"https:\/\/infozamoraec.com\/index.php\/2025\/06\/24\/refineria-de-esmeraldas-arrancara-progresivamente-su-operacion-desde-julio\/","title":{"rendered":"Refiner\u00eda de Esmeraldas arrancar\u00e1 progresivamente su operaci\u00f3n desde julio"},"content":{"rendered":"<p>Las actividades de la\u00a0<a href=\"https:\/\/www.eluniverso.com\/temas\/refineria-estatal-esmeraldas\/\" target=\"_self\" rel=\"noopener noreferrer nofollow\"><strong>Refiner\u00eda de Esmeraldas<\/strong><\/a>\u00a0se retomar\u00e1n progresivamente desde julio, inform\u00f3 la portavoz del Gobierno, Carolina Jaramillo, este lunes, 23 de junio.<\/p>\n<p>La planta sali\u00f3 de operaci\u00f3n hace casi un mes, luego del incendio ocurrido el 26 de mayo pasado que consumi\u00f3 tanques de fueloil, una subestaci\u00f3n el\u00e9ctrica y m\u00e1s instalaciones.<\/p>\n<p>Por la magnitud del suceso, Petroecuador paraliz\u00f3 el complejo industrial e hizo una declaraci\u00f3n de emergencia por hasta 60 d\u00edas.<\/p>\n<p>Un informe t\u00e9cnico preliminar del 28 de mayo pasado sobre los da\u00f1os causados por el incendio anticip\u00f3 que la\u00a0<a href=\"https:\/\/www.eluniverso.com\/noticias\/economia\/refineria-esmeraldas-evaluacion-tras-incendio-tanque-fuel-oil-ecuador-nota\/\" target=\"_self\" rel=\"noopener noreferrer nofollow\"><strong>refiner\u00eda podr\u00eda retomar su operaci\u00f3n a partir del 2 de julio<\/strong><\/a>\u00a0con la producci\u00f3n en tanques.<\/p>\n<p>La portavoz de Carondelet expres\u00f3 en la conferencia de este lunes que \u201cla Refiner\u00eda de Esmeraldas tendr\u00e1 un arranque de operaciones progresivo y esto suceder\u00e1 en el mes de julio\u201d.<\/p>\n<p>Jaramillo no brind\u00f3 m\u00e1s detalles sobre la fecha en que se reactivar\u00e1 el complejo. Reiter\u00f3 que \u201cse est\u00e1 planificando\u201d la reactivaci\u00f3n para julio.<\/p>\n<p>Este Diario consult\u00f3 a Petroecuador m\u00e1s informaci\u00f3n sobre el anuncio de la portavoz oficial. Hasta la publicaci\u00f3n de esta nota se esperaba una respuesta.<\/p>\n<p>La Refiner\u00eda de Esmeraldas es la m\u00e1s grande e importante del pa\u00eds. Tiene una capacidad de procesamiento de 110.000 barriles diarios.<\/p>\n","protected":false},"excerpt":{"rendered":"<p>Las actividades de la\u00a0Refiner\u00eda de Esmeraldas\u00a0se retomar\u00e1n progresivamente desde julio, inform\u00f3 la portavoz del Gobierno, Carolina Jaramillo, este lunes, 23 de junio. La planta sali\u00f3 de operaci\u00f3n hace casi un mes, luego del incendio ocurrido el 26 de mayo pasado que consumi\u00f3 tanques de fueloil, una subestaci\u00f3n el\u00e9ctrica y m\u00e1s instalaciones. Por la magnitud del [&hellip;]<\/p>\n","protected":false},"author":1,"featured_media":13205,"comment_status":"open","ping_status":"open","sticky":false,"template":"","format":"standard","meta":{"footnotes":""},"categories":[12],"tags":[],"_links":{"self":[{"href":"https:\/\/infozamoraec.com\/index.php\/wp-json\/wp\/v2\/posts\/13204"}],"collection":[{"href":"https:\/\/infozamoraec.com\/index.php\/wp-json\/wp\/v2\/posts"}],"about":[{"href":"https:\/\/infozamoraec.com\/index.php\/wp-json\/wp\/v2\/types\/post"}],"author":[{"embeddable":true,"href":"https:\/\/infozamoraec.com\/index.php\/wp-json\/wp\/v2\/users\/1"}],"replies":[{"embeddable":true,"href":"https:\/\/infozamoraec.com\/index.php\/wp-json\/wp\/v2\/comments?post=13204"}],"version-history":[{"count":1,"href":"https:\/\/infozamoraec.com\/index.php\/wp-json\/wp\/v2\/posts\/13204\/revisions"}],"predecessor-version":[{"id":13206,"href":"https:\/\/infozamoraec.com\/index.php\/wp-json\/wp\/v2\/posts\/13204\/revisions\/13206"}],"wp:featuredmedia":[{"embeddable":true,"href":"https:\/\/infozamoraec.com\/index.php\/wp-json\/wp\/v2\/media\/13205"}],"wp:attachment":[{"href":"https:\/\/infozamoraec.com\/index.php\/wp-json\/wp\/v2\/media?parent=13204"}],"wp:term":[{"taxonomy":"category","embeddable":true,"href":"https:\/\/infozamoraec.com\/index.php\/wp-json\/wp\/v2\/categories?post=13204"},{"taxonomy":"post_tag","embeddable":true,"href":"https:\/\/infozamoraec.com\/index.php\/wp-json\/wp\/v2\/tags?post=13204"}],"curies":[{"name":"wp","href":"https:\/\/api.w.org\/{rel}","templated":true}]}}