{"id":13201,"date":"2025-06-24T01:52:50","date_gmt":"2025-06-24T01:52:50","guid":{"rendered":"https:\/\/infozamoraec.com\/?p=13201"},"modified":"2025-06-24T01:53:18","modified_gmt":"2025-06-24T01:53:18","slug":"cnj-informara-sentencia-para-jorge-glas-el-30-de-junio-en-el-caso-reconstruccion-de-manabi","status":"publish","type":"post","link":"https:\/\/infozamoraec.com\/index.php\/2025\/06\/24\/cnj-informara-sentencia-para-jorge-glas-el-30-de-junio-en-el-caso-reconstruccion-de-manabi\/","title":{"rendered":"CNJ informar\u00e1 sentencia para Jorge Glas el 30 de junio, en el caso Reconstrucci\u00f3n de Manab\u00ed"},"content":{"rendered":"<p>La Corte Nacional de Justicia (CNJ) informar\u00e1 la sentencia para el exvicepresidente Jorge Glas el pr\u00f3ximo lunes 30 de junio de 2025, a las 09:00, en el caso Reconstrucci\u00f3n de Manab\u00ed.<\/p>\n<p>El Tribunal, conformado por los jueces Mercedes Caicedo, Marco Rodr\u00edguez y Javier de la Cadena, se\u00f1alar\u00e1, en primera instancia, si Jorge Glas y el exsecretario del Comit\u00e9 de Reconstrucci\u00f3n y pr\u00f3fugo, Carlos Bernal, son o no culpables del delito de peculado.<\/p>\n<p>En el \u00faltimo de los cinco d\u00edas de audiencia de juicio contra Glas y Bernal, la Fiscal\u00eda pidi\u00f3 la pena m\u00e1xima de 13 a\u00f1os de prisi\u00f3n para cada uno de los imputados como autores por el presunto delito de peculado.<\/p>\n<p>Adem\u00e1s, el pago de una reparaci\u00f3n integral por 225 millones de d\u00f3lares y una multa de 70 salarios b\u00e1sicos unificados.<\/p>\n<p>Si el Tribunal de la CNJ les encuentra culpables, deber\u00e1 decidir si acoge el pedido de la Fiscal\u00eda o reduce esa pena.<\/p>\n<p>Alegados de clausura de la Fiscal\u00eda<\/p>\n<p>En sus alegados de clausura, la Fiscal\u00eda ratific\u00f3 su acusaci\u00f3n contra Glas, y el exsecretario del Comit\u00e9 de Reconstrucci\u00f3n y pr\u00f3fugo, Carlos Bernal, por el presunto delito de peculado.<\/p>\n<p>La Fiscal\u00eda General del Estado present\u00f3 su alegato de cierre, en el que detall\u00f3 c\u00f3mo los procesados Jorge Glas y Carlos Bernal, en calidad de autores directos, habr\u00edan abusado de fondos p\u00fablicos provenientes de la Ley Org\u00e1nica de Solidaridad.<\/p>\n<p>Le puede interesar: Fiscal\u00eda pide para Jorge Glas pena m\u00e1xima y millonaria reparaci\u00f3n integral en caso Reconstrucci\u00f3n de Manab\u00ed<\/p>\n<p>Estos recursos estaban destinados exclusivamente a la reconstrucci\u00f3n de las zonas afectadas por el terremoto del 16 de abril de 2016.<\/p>\n<p>Las obras<\/p>\n<p>La Fiscal\u00eda present\u00f3 pruebas seg\u00fan las que se demostrar\u00eda que no se habr\u00edan atendido los requerimientos urgentes de los afectados por el terremoto.<\/p>\n<p>En su lugar, esos fondos se habr\u00edan destinado a la construcci\u00f3n de otras obras que no estaban contempladas en esa categor\u00eda, como el parque Las Vegas y el proyecto Tramo Acceso al Puerto de Manta \u2013 Redondel del Imperio Colisa.<\/p>\n<p>El fiscal general del Estado (s), Wilson Toainga, se\u00f1al\u00f3 que se ha demostrado, adem\u00e1s, que Bernal, habr\u00eda efectuado el seguimiento de los proyectos y solicitado reportes y fondos econ\u00f3micos para financiar obras.<\/p>\n<p>Le puede interesar: Jorge Glas dice que sus compa\u00f1eros de partido pagan sus medicinas y que su vida es miserable<\/p>\n<p>Los procesados habr\u00edan priorizado obras sin relaci\u00f3n con la emergencia.<\/p>\n<p>Contratos antit\u00e9cnicos<\/p>\n<p>En su gesti\u00f3n, Glas y Bernal habr\u00edan aprobado 584 proyectos sin sustento t\u00e9cnico ni consulta al Comit\u00e9 de Reconstrucci\u00f3n.<\/p>\n<p>Seg\u00fan Fiscal\u00eda, se celebraron contratos sin justificaci\u00f3n legal ni t\u00e9cnica.<\/p>\n<p>Adem\u00e1s, una pericia en contrataci\u00f3n p\u00fablica habr\u00eda revelado formas de pago antit\u00e9cnicas, como pagos por hora de uso de maquinaria en lugar de por volumen.<\/p>\n<p>M\u00e1s informaci\u00f3n: Fiscal\u00eda busca probar perjuicio de 225 millones de d\u00f3lares por parte de Jorge Glas y Carlos Bernal<\/p>\n<p>En tanto, la pericia en gesti\u00f3n de riesgos evidenciar\u00eda que varias obras se ejecutaron en terrenos no aptos o en zonas que no sufrieron da\u00f1os por el sismo.<\/p>\n<p>Adem\u00e1s, algunos proyectos, planificados antes del terremoto, fueron utilizados como pretexto para el uso indebido de los recursos, calific\u00e1ndolos como \u201celefantes blancos\u201d.<\/p>\n<p>El perjuicio<\/p>\n<p>El perjuicio econ\u00f3mico ocasionado por el mal uso de fondos p\u00fablicos asciende a 225 395 910,92 d\u00f3lares.<\/p>\n<p>Alegados de los acusados<\/p>\n<p>Jorge Glas y Carlos Bernal deslindaron responsabilidad sobre las acusaciones de la Fiscal\u00eda General del Estado.<\/p>\n<p>El exvicepresidente Jorge Glas ejerci\u00f3 su defensa y dijo que \u00e9l no administr\u00f3 \u201cni las botellas de agua que se repart\u00edan en el Comit\u00e9 (de Reconstrucci\u00f3n)\u201d.<\/p>\n<p>\u201cYo no administr\u00e9 ni un solo d\u00f3lar, c\u00f3mo pude haber cometido el delito de peculado\u201d, dijo.<\/p>\n<p>M\u00e1s informaci\u00f3n: Jorge Glas rinde su versi\u00f3n en el \u00faltimo d\u00eda del juicio del caso Reconstrucci\u00f3n de Manab\u00ed<\/p>\n<p>Glas asegur\u00f3 que no contrat\u00f3 ni adjudic\u00f3.<\/p>\n<p>\u201cNo es mi culpa que las obras no se hayan terminado. Salvo, se\u00f1ores magistrados, que me quieran adjudicar un influjo ps\u00edquico\u201d, agreg\u00f3.<\/p>\n<p>\u201cSe\u00f1ores magistrados, me estoy jugando la vida aqu\u00ed, la Fiscal\u00eda pretende enviarme 13 a\u00f1os a la c\u00e1rcel por hacer mi trabajo (\u2026) soy un perseguido pol\u00edtico\u201c, insisti\u00f3.<\/p>\n","protected":false},"excerpt":{"rendered":"<p>La Corte Nacional de Justicia (CNJ) informar\u00e1 la sentencia para el exvicepresidente Jorge Glas el pr\u00f3ximo lunes 30 de junio de 2025, a las 09:00, en el caso Reconstrucci\u00f3n de Manab\u00ed. El Tribunal, conformado por los jueces Mercedes Caicedo, Marco Rodr\u00edguez y Javier de la Cadena, se\u00f1alar\u00e1, en primera instancia, si Jorge Glas y el [&hellip;]<\/p>\n","protected":false},"author":1,"featured_media":13202,"comment_status":"open","ping_status":"open","sticky":false,"template":"","format":"standard","meta":{"footnotes":""},"categories":[12],"tags":[],"_links":{"self":[{"href":"https:\/\/infozamoraec.com\/index.php\/wp-json\/wp\/v2\/posts\/13201"}],"collection":[{"href":"https:\/\/infozamoraec.com\/index.php\/wp-json\/wp\/v2\/posts"}],"about":[{"href":"https:\/\/infozamoraec.com\/index.php\/wp-json\/wp\/v2\/types\/post"}],"author":[{"embeddable":true,"href":"https:\/\/infozamoraec.com\/index.php\/wp-json\/wp\/v2\/users\/1"}],"replies":[{"embeddable":true,"href":"https:\/\/infozamoraec.com\/index.php\/wp-json\/wp\/v2\/comments?post=13201"}],"version-history":[{"count":1,"href":"https:\/\/infozamoraec.com\/index.php\/wp-json\/wp\/v2\/posts\/13201\/revisions"}],"predecessor-version":[{"id":13203,"href":"https:\/\/infozamoraec.com\/index.php\/wp-json\/wp\/v2\/posts\/13201\/revisions\/13203"}],"wp:featuredmedia":[{"embeddable":true,"href":"https:\/\/infozamoraec.com\/index.php\/wp-json\/wp\/v2\/media\/13202"}],"wp:attachment":[{"href":"https:\/\/infozamoraec.com\/index.php\/wp-json\/wp\/v2\/media?parent=13201"}],"wp:term":[{"taxonomy":"category","embeddable":true,"href":"https:\/\/infozamoraec.com\/index.php\/wp-json\/wp\/v2\/categories?post=13201"},{"taxonomy":"post_tag","embeddable":true,"href":"https:\/\/infozamoraec.com\/index.php\/wp-json\/wp\/v2\/tags?post=13201"}],"curies":[{"name":"wp","href":"https:\/\/api.w.org\/{rel}","templated":true}]}}