{"id":13198,"date":"2025-06-24T01:50:19","date_gmt":"2025-06-24T01:50:19","guid":{"rendered":"https:\/\/infozamoraec.com\/?p=13198"},"modified":"2025-06-24T01:50:19","modified_gmt":"2025-06-24T01:50:19","slug":"milei-y-noboa-son-los-dos-presidentes-mejor-valorados-de-sudamerica","status":"publish","type":"post","link":"https:\/\/infozamoraec.com\/index.php\/2025\/06\/24\/milei-y-noboa-son-los-dos-presidentes-mejor-valorados-de-sudamerica\/","title":{"rendered":"Milei y Noboa son los dos presidentes mejor valorados de Sudam\u00e9rica"},"content":{"rendered":"<p>Seg\u00fan la empresa argentina CB Consultora, los mandatarios Javier Milei, de Argentina; Daniel Noboa, de Ecuador; y Yamand\u00fa Orsi, de Uruguay, son los presidentes de Am\u00e9rica del Sur que mejor imagen tienen ante sus ciudadanos. As\u00ed lo dio a conocer este lunes, 23 de junio.<\/p>\n<p>Con esta medici\u00f3n, Noboa descendi\u00f3 un puesto. En mayo pasado se ubic\u00f3 primero, con 52,1 % de imagen positiva, lo que coincidi\u00f3 con el mes de su investidura para un nuevo periodo de gobierno.<\/p>\n<p>El<em>\u00a0r\u00e1nking<\/em>\u00a0sit\u00faa como primer mandatario mejor valorado por sus mandantes figura Milei, con 53,5 % de imagen positiva; en segundo lugar se ubica<strong>\u00a0Noboa<\/strong>, con un 52,4 %; y Orsi completa el podio, con un 47,2 % de aprobaci\u00f3n.<\/p>\n<p>Por el contrario, el presidente peor calificado de este mes es\u00a0<strong>Luis Arce, de Bolivia<\/strong>, en el \u00faltimo lugar, con una imagen positiva de apenas 21,2 %; seguido por\u00a0<strong>Dina Boluarte, de Per\u00fa<\/strong>, con 22,3 %; y finaliza el podio negativo\u00a0<strong>Nicol\u00e1s Maduro, de Venezuela<\/strong>, con 29,5 % de aprobaci\u00f3n.<\/p>\n","protected":false},"excerpt":{"rendered":"<p>Seg\u00fan la empresa argentina CB Consultora, los mandatarios Javier Milei, de Argentina; Daniel Noboa, de Ecuador; y Yamand\u00fa Orsi, de Uruguay, son los presidentes de Am\u00e9rica del Sur que mejor imagen tienen ante sus ciudadanos. As\u00ed lo dio a conocer este lunes, 23 de junio. Con esta medici\u00f3n, Noboa descendi\u00f3 un puesto. En mayo pasado [&hellip;]<\/p>\n","protected":false},"author":1,"featured_media":13199,"comment_status":"open","ping_status":"open","sticky":false,"template":"","format":"standard","meta":{"footnotes":""},"categories":[12],"tags":[],"_links":{"self":[{"href":"https:\/\/infozamoraec.com\/index.php\/wp-json\/wp\/v2\/posts\/13198"}],"collection":[{"href":"https:\/\/infozamoraec.com\/index.php\/wp-json\/wp\/v2\/posts"}],"about":[{"href":"https:\/\/infozamoraec.com\/index.php\/wp-json\/wp\/v2\/types\/post"}],"author":[{"embeddable":true,"href":"https:\/\/infozamoraec.com\/index.php\/wp-json\/wp\/v2\/users\/1"}],"replies":[{"embeddable":true,"href":"https:\/\/infozamoraec.com\/index.php\/wp-json\/wp\/v2\/comments?post=13198"}],"version-history":[{"count":1,"href":"https:\/\/infozamoraec.com\/index.php\/wp-json\/wp\/v2\/posts\/13198\/revisions"}],"predecessor-version":[{"id":13200,"href":"https:\/\/infozamoraec.com\/index.php\/wp-json\/wp\/v2\/posts\/13198\/revisions\/13200"}],"wp:featuredmedia":[{"embeddable":true,"href":"https:\/\/infozamoraec.com\/index.php\/wp-json\/wp\/v2\/media\/13199"}],"wp:attachment":[{"href":"https:\/\/infozamoraec.com\/index.php\/wp-json\/wp\/v2\/media?parent=13198"}],"wp:term":[{"taxonomy":"category","embeddable":true,"href":"https:\/\/infozamoraec.com\/index.php\/wp-json\/wp\/v2\/categories?post=13198"},{"taxonomy":"post_tag","embeddable":true,"href":"https:\/\/infozamoraec.com\/index.php\/wp-json\/wp\/v2\/tags?post=13198"}],"curies":[{"name":"wp","href":"https:\/\/api.w.org\/{rel}","templated":true}]}}