{"id":13195,"date":"2025-06-24T01:48:06","date_gmt":"2025-06-24T01:48:06","guid":{"rendered":"https:\/\/infozamoraec.com\/?p=13195"},"modified":"2025-06-24T01:48:06","modified_gmt":"2025-06-24T01:48:06","slug":"reforma-busca-conectar-justicia-indigena-y-estatal","status":"publish","type":"post","link":"https:\/\/infozamoraec.com\/index.php\/2025\/06\/24\/reforma-busca-conectar-justicia-indigena-y-estatal\/","title":{"rendered":"Reforma busca conectar justicia ind\u00edgena y estatal"},"content":{"rendered":"<p>En el contexto del an\u00e1lisis del proyecto de\u00a0<strong>Ley Org\u00e1nica Reformatoria al C\u00f3digo Org\u00e1nico de la Funci\u00f3n Judicial,<\/strong>\u00a0la\u00a0<strong><a title=\"\" href=\"https:\/\/www.larepublica.ec\/blog\/2025\/05\/16\/asamblea-logra-conformar-las-15-comisiones-especializadas\/\" target=\"_blank\" rel=\"noopener\">Comisi\u00f3n de Justicia y Estructura del Estado<\/a><\/strong>\u00a0de la Asamblea Nacional, en Quito, recibi\u00f3 este lunes, 23 de junio, a la asamble\u00edsta por Pachakutik,<strong><a title=\"\" href=\"https:\/\/www.larepublica.ec\/blog\/2025\/05\/16\/asamblea-logra-conformar-las-15-comisiones-especializadas\/\" target=\"_blank\" rel=\"noopener\">\u00a0Mariana Yumbay<\/a><\/strong>, quien present\u00f3 los argumentos que respaldan su propuesta.<\/p>\n<p><strong>Yumbay<\/strong>\u00a0explic\u00f3 que su iniciativa se fundamenta en el art\u00edculo 1 de la\u00a0<strong>Constituci\u00f3n,<\/strong>\u00a0que declara al Ecuador como un Estado constitucional de derechos y justicia, y en el art\u00edculo 171, que otorga a las autoridades de pueblos, nacionalidades y comunidades ind\u00edgenas la potestad de ejercer funciones jurisdiccionales.<\/p>\n<p>Mencion\u00f3 como sustento el\u00a0<strong>Convenio 169 de la Organizaci\u00f3n Internacional del Trabajo<\/strong>, junto con otros instrumentos internacionales que refuerzan su propuesta.<\/p>\n<p>Un eje central de la propuesta es que los jueces deben emitir sus sentencias incorporando una visi\u00f3n e interpretaci\u00f3n intercultural. La asamble\u00edsta resalt\u00f3 que la iniciativa fue elaborada de manera participativa junto a pueblos y nacionalidades ind\u00edgenas, en concordancia con lo establecido en la\u00a0<strong>Constituci\u00f3n<\/strong>, fallos de la\u00a0<strong>Corte Constitucional (CC)<\/strong>\u00a0y tratados internacionales.<\/p>\n<p>Durante la discusi\u00f3n, se examinaron situaciones concretas en la provincia de Santa Elena, as\u00ed como en sectores como\u00a0<strong>La Toglla (Pichincha) y Cotopaxi<\/strong>, donde habitan cerca de 120 mil personas ind\u00edgenas.<\/p>\n","protected":false},"excerpt":{"rendered":"<p>En el contexto del an\u00e1lisis del proyecto de\u00a0Ley Org\u00e1nica Reformatoria al C\u00f3digo Org\u00e1nico de la Funci\u00f3n Judicial,\u00a0la\u00a0Comisi\u00f3n de Justicia y Estructura del Estado\u00a0de la Asamblea Nacional, en Quito, recibi\u00f3 este lunes, 23 de junio, a la asamble\u00edsta por Pachakutik,\u00a0Mariana Yumbay, quien present\u00f3 los argumentos que respaldan su propuesta. Yumbay\u00a0explic\u00f3 que su iniciativa se fundamenta en [&hellip;]<\/p>\n","protected":false},"author":1,"featured_media":13196,"comment_status":"open","ping_status":"open","sticky":false,"template":"","format":"standard","meta":{"footnotes":""},"categories":[12],"tags":[],"_links":{"self":[{"href":"https:\/\/infozamoraec.com\/index.php\/wp-json\/wp\/v2\/posts\/13195"}],"collection":[{"href":"https:\/\/infozamoraec.com\/index.php\/wp-json\/wp\/v2\/posts"}],"about":[{"href":"https:\/\/infozamoraec.com\/index.php\/wp-json\/wp\/v2\/types\/post"}],"author":[{"embeddable":true,"href":"https:\/\/infozamoraec.com\/index.php\/wp-json\/wp\/v2\/users\/1"}],"replies":[{"embeddable":true,"href":"https:\/\/infozamoraec.com\/index.php\/wp-json\/wp\/v2\/comments?post=13195"}],"version-history":[{"count":1,"href":"https:\/\/infozamoraec.com\/index.php\/wp-json\/wp\/v2\/posts\/13195\/revisions"}],"predecessor-version":[{"id":13197,"href":"https:\/\/infozamoraec.com\/index.php\/wp-json\/wp\/v2\/posts\/13195\/revisions\/13197"}],"wp:featuredmedia":[{"embeddable":true,"href":"https:\/\/infozamoraec.com\/index.php\/wp-json\/wp\/v2\/media\/13196"}],"wp:attachment":[{"href":"https:\/\/infozamoraec.com\/index.php\/wp-json\/wp\/v2\/media?parent=13195"}],"wp:term":[{"taxonomy":"category","embeddable":true,"href":"https:\/\/infozamoraec.com\/index.php\/wp-json\/wp\/v2\/categories?post=13195"},{"taxonomy":"post_tag","embeddable":true,"href":"https:\/\/infozamoraec.com\/index.php\/wp-json\/wp\/v2\/tags?post=13195"}],"curies":[{"name":"wp","href":"https:\/\/api.w.org\/{rel}","templated":true}]}}