{"id":13189,"date":"2025-06-24T01:39:17","date_gmt":"2025-06-24T01:39:17","guid":{"rendered":"https:\/\/infozamoraec.com\/?p=13189"},"modified":"2025-06-24T01:39:17","modified_gmt":"2025-06-24T01:39:17","slug":"gobernacion-de-zamora-chinchipe-impulsa-acciones-firmes-contra-el-transporte-informal","status":"publish","type":"post","link":"https:\/\/infozamoraec.com\/index.php\/2025\/06\/24\/gobernacion-de-zamora-chinchipe-impulsa-acciones-firmes-contra-el-transporte-informal\/","title":{"rendered":"Gobernaci\u00f3n de Zamora Chinchipe impulsa acciones firmes contra el transporte informal"},"content":{"rendered":"<p data-start=\"91\" data-end=\"474\">En una jornada de trabajo liderada por la <strong data-start=\"163\" data-end=\"198\">Gobernadora de Zamora Chinchipe<\/strong>, Iv\u00f3n Panchi, junto a representantes de la <strong data-start=\"229\" data-end=\"267\">Agencia Nacional de Tr\u00e1nsito (ANT)<\/strong>, <strong data-start=\"269\" data-end=\"292\">gremios de taxistas<\/strong> y <strong data-start=\"295\" data-end=\"349\">cooperativas de transporte p\u00fablico interprovincial<\/strong>, se definieron <strong data-start=\"365\" data-end=\"457\">acciones contundentes para enfrentar el transporte informal y reforzar la seguridad vial<\/strong> en la provincia.<\/p>\n<p data-start=\"476\" data-end=\"696\">El encuentro permiti\u00f3 la construcci\u00f3n de una hoja de ruta con medidas espec\u00edficas orientadas a proteger tanto a usuarios como a operadores legales del transporte, consolidando un sistema m\u00e1s <strong data-start=\"667\" data-end=\"695\">ordenado, seguro y justo<\/strong>.<\/p>\n<p data-start=\"698\" data-end=\"738\">Entre las decisiones adoptadas destacan:<\/p>\n<ul data-start=\"740\" data-end=\"1321\">\n<li data-start=\"740\" data-end=\"893\">\n<p data-start=\"742\" data-end=\"893\"><strong data-start=\"742\" data-end=\"799\">Instalaci\u00f3n de un puesto de seguridad de control vial<\/strong> en la ruta Zamora &#8211; Loja, punto clave para el ingreso y salida de unidades interprovinciales.<\/p>\n<\/li>\n<li data-start=\"894\" data-end=\"1054\">\n<p data-start=\"896\" data-end=\"1054\"><strong data-start=\"896\" data-end=\"938\">Reforzamiento de operativos de control<\/strong> en zonas estrat\u00e9gicas de la provincia para detectar veh\u00edculos sin permisos o que incumplan las normativas vigentes.<\/p>\n<\/li>\n<li data-start=\"1055\" data-end=\"1190\">\n<p data-start=\"1057\" data-end=\"1190\"><strong data-start=\"1057\" data-end=\"1097\">Controles migratorios intensificados<\/strong> en terminales terrestres y v\u00edas principales, en coordinaci\u00f3n con otras entidades del Estado.<\/p>\n<\/li>\n<li data-start=\"1191\" data-end=\"1321\">\n<p data-start=\"1193\" data-end=\"1321\"><strong data-start=\"1193\" data-end=\"1225\">Sanciones directas y severas<\/strong> a infractores y unidades que operen de manera ilegal, sin afectar el servicio regular y formal.<\/p>\n<\/li>\n<\/ul>\n<p data-start=\"1323\" data-end=\"1643\">La Gobernadora enfatiz\u00f3 que <strong data-start=\"1351\" data-end=\"1397\">no habr\u00e1 tolerancia al transporte informal<\/strong>, y que estas acciones forman parte de una estrategia integral para garantizar la movilidad segura y legal. \u201cEstamos comprometidos con la seguridad vial, el respeto a la ley y la protecci\u00f3n de los derechos de los transportistas formales\u201d, se\u00f1al\u00f3.<\/p>\n<p data-start=\"1645\" data-end=\"1846\" data-is-last-node=\"\" data-is-only-node=\"\">Las autoridades reiteraron su apertura al di\u00e1logo, pero dejaron claro que se actuar\u00e1 con firmeza frente a quienes pongan en riesgo la vida de los pasajeros o afecten la econom\u00eda del transporte regular.<\/p>\n","protected":false},"excerpt":{"rendered":"<p>En una jornada de trabajo liderada por la Gobernadora de Zamora Chinchipe, Iv\u00f3n Panchi, junto a representantes de la Agencia Nacional de Tr\u00e1nsito (ANT), gremios de taxistas y cooperativas de transporte p\u00fablico interprovincial, se definieron acciones contundentes para enfrentar el transporte informal y reforzar la seguridad vial en la provincia. El encuentro permiti\u00f3 la construcci\u00f3n [&hellip;]<\/p>\n","protected":false},"author":1,"featured_media":13190,"comment_status":"open","ping_status":"open","sticky":false,"template":"","format":"standard","meta":{"footnotes":""},"categories":[9],"tags":[],"_links":{"self":[{"href":"https:\/\/infozamoraec.com\/index.php\/wp-json\/wp\/v2\/posts\/13189"}],"collection":[{"href":"https:\/\/infozamoraec.com\/index.php\/wp-json\/wp\/v2\/posts"}],"about":[{"href":"https:\/\/infozamoraec.com\/index.php\/wp-json\/wp\/v2\/types\/post"}],"author":[{"embeddable":true,"href":"https:\/\/infozamoraec.com\/index.php\/wp-json\/wp\/v2\/users\/1"}],"replies":[{"embeddable":true,"href":"https:\/\/infozamoraec.com\/index.php\/wp-json\/wp\/v2\/comments?post=13189"}],"version-history":[{"count":1,"href":"https:\/\/infozamoraec.com\/index.php\/wp-json\/wp\/v2\/posts\/13189\/revisions"}],"predecessor-version":[{"id":13191,"href":"https:\/\/infozamoraec.com\/index.php\/wp-json\/wp\/v2\/posts\/13189\/revisions\/13191"}],"wp:featuredmedia":[{"embeddable":true,"href":"https:\/\/infozamoraec.com\/index.php\/wp-json\/wp\/v2\/media\/13190"}],"wp:attachment":[{"href":"https:\/\/infozamoraec.com\/index.php\/wp-json\/wp\/v2\/media?parent=13189"}],"wp:term":[{"taxonomy":"category","embeddable":true,"href":"https:\/\/infozamoraec.com\/index.php\/wp-json\/wp\/v2\/categories?post=13189"},{"taxonomy":"post_tag","embeddable":true,"href":"https:\/\/infozamoraec.com\/index.php\/wp-json\/wp\/v2\/tags?post=13189"}],"curies":[{"name":"wp","href":"https:\/\/api.w.org\/{rel}","templated":true}]}}