{"id":13186,"date":"2025-06-24T01:35:01","date_gmt":"2025-06-24T01:35:01","guid":{"rendered":"https:\/\/infozamoraec.com\/?p=13186"},"modified":"2025-06-24T01:35:01","modified_gmt":"2025-06-24T01:35:01","slug":"nambija-bajo-mas-cerca-de-contar-con-una-unidad-de-policia-comunitaria-gracias-a-gestion-articulada","status":"publish","type":"post","link":"https:\/\/infozamoraec.com\/index.php\/2025\/06\/24\/nambija-bajo-mas-cerca-de-contar-con-una-unidad-de-policia-comunitaria-gracias-a-gestion-articulada\/","title":{"rendered":"Nambija Bajo m\u00e1s cerca de contar con una Unidad de Polic\u00eda Comunitaria gracias a gesti\u00f3n articulada"},"content":{"rendered":"<p data-start=\"105\" data-end=\"403\">Con el objetivo de fortalecer la seguridad ciudadana y generar espacios seguros para la poblaci\u00f3n, en una reciente reuni\u00f3n\u00a0 se concretaron importantes avances para la <strong data-start=\"280\" data-end=\"341\">implementaci\u00f3n de una Unidad de Polic\u00eda Comunitaria (UPC)<\/strong> en la parroquia Nambija Bajo, perteneciente al cant\u00f3n Zamora.<\/p>\n<p data-start=\"405\" data-end=\"795\">La <strong data-start=\"408\" data-end=\"443\">Gobernadora de Zamora Chinchipe, Iv\u00f3n Panchi,\u00a0<\/strong> lider\u00f3 la iniciativa\u00a0 junto a su equipo territorial, representantes de la <strong data-start=\"526\" data-end=\"546\">Polic\u00eda Nacional<\/strong>, <strong data-start=\"548\" data-end=\"601\">Ministerio de Inclusi\u00f3n Econ\u00f3mica y Social (MIES)<\/strong>, <strong data-start=\"603\" data-end=\"640\">Ministerio de Educaci\u00f3n (MINEDUC)<\/strong> y el presidente del <strong data-start=\"661\" data-end=\"693\">GAD Parroquial de Cumbaratza<\/strong>, Tonny Morocho,\u00a0 con el fin de coordinar acciones concretas que permitan la pronta puesta en marcha de este proyecto.<\/p>\n<p data-start=\"797\" data-end=\"840\">Entre los acuerdos alcanzados se estableci\u00f3:<\/p>\n<ul data-start=\"842\" data-end=\"1253\">\n<li data-start=\"842\" data-end=\"1068\">\n<p data-start=\"844\" data-end=\"1068\"><strong data-start=\"844\" data-end=\"881\">El inicio del tr\u00e1mite de comodato<\/strong> para el uso temporal de un inmueble del Ministerio de Educaci\u00f3n, el cual ser\u00e1 facilitado mediante convenio con el GAD Parroquial, para adecuarlo como sede de la futura casa de seguridad.<\/p>\n<\/li>\n<li data-start=\"1069\" data-end=\"1253\">\n<p data-start=\"1071\" data-end=\"1253\"><strong data-start=\"1071\" data-end=\"1111\">La elaboraci\u00f3n de un informe t\u00e9cnico<\/strong> a cargo de la Polic\u00eda Nacional, que servir\u00e1 como base para la <strong data-start=\"1174\" data-end=\"1213\">aprobaci\u00f3n oficial del proyecto UPC<\/strong> por parte de las entidades competentes.<\/p>\n<\/li>\n<\/ul>\n<p data-start=\"1255\" data-end=\"1558\">Este resultado es fruto de un trabajo conjunto entre Gobierno Nacional, instituciones del Estado y autoridades locales, con el firme compromiso de dotar a la comunidad de <strong data-start=\"1426\" data-end=\"1463\">infraestructura policial adecuada<\/strong>, promover la convivencia pac\u00edfica y garantizar el bienestar de los habitantes de Nambija Bajo.<\/p>\n<p data-start=\"1560\" data-end=\"1750\" data-is-last-node=\"\" data-is-only-node=\"\">La Gobernadora reiter\u00f3 que este tipo de iniciativas son claves para consolidar <strong data-start=\"1639\" data-end=\"1683\">territorios seguros, dignos y conectados<\/strong>, priorizando las zonas con alta demanda de servicios de seguridad.<\/p>\n","protected":false},"excerpt":{"rendered":"<p>Con el objetivo de fortalecer la seguridad ciudadana y generar espacios seguros para la poblaci\u00f3n, en una reciente reuni\u00f3n\u00a0 se concretaron importantes avances para la implementaci\u00f3n de una Unidad de Polic\u00eda Comunitaria (UPC) en la parroquia Nambija Bajo, perteneciente al cant\u00f3n Zamora. La Gobernadora de Zamora Chinchipe, Iv\u00f3n Panchi,\u00a0 lider\u00f3 la iniciativa\u00a0 junto a su [&hellip;]<\/p>\n","protected":false},"author":1,"featured_media":13187,"comment_status":"open","ping_status":"open","sticky":false,"template":"","format":"standard","meta":{"footnotes":""},"categories":[9],"tags":[],"_links":{"self":[{"href":"https:\/\/infozamoraec.com\/index.php\/wp-json\/wp\/v2\/posts\/13186"}],"collection":[{"href":"https:\/\/infozamoraec.com\/index.php\/wp-json\/wp\/v2\/posts"}],"about":[{"href":"https:\/\/infozamoraec.com\/index.php\/wp-json\/wp\/v2\/types\/post"}],"author":[{"embeddable":true,"href":"https:\/\/infozamoraec.com\/index.php\/wp-json\/wp\/v2\/users\/1"}],"replies":[{"embeddable":true,"href":"https:\/\/infozamoraec.com\/index.php\/wp-json\/wp\/v2\/comments?post=13186"}],"version-history":[{"count":1,"href":"https:\/\/infozamoraec.com\/index.php\/wp-json\/wp\/v2\/posts\/13186\/revisions"}],"predecessor-version":[{"id":13188,"href":"https:\/\/infozamoraec.com\/index.php\/wp-json\/wp\/v2\/posts\/13186\/revisions\/13188"}],"wp:featuredmedia":[{"embeddable":true,"href":"https:\/\/infozamoraec.com\/index.php\/wp-json\/wp\/v2\/media\/13187"}],"wp:attachment":[{"href":"https:\/\/infozamoraec.com\/index.php\/wp-json\/wp\/v2\/media?parent=13186"}],"wp:term":[{"taxonomy":"category","embeddable":true,"href":"https:\/\/infozamoraec.com\/index.php\/wp-json\/wp\/v2\/categories?post=13186"},{"taxonomy":"post_tag","embeddable":true,"href":"https:\/\/infozamoraec.com\/index.php\/wp-json\/wp\/v2\/tags?post=13186"}],"curies":[{"name":"wp","href":"https:\/\/api.w.org\/{rel}","templated":true}]}}