{"id":13183,"date":"2025-06-24T01:28:13","date_gmt":"2025-06-24T01:28:13","guid":{"rendered":"https:\/\/infozamoraec.com\/?p=13183"},"modified":"2025-06-24T01:28:13","modified_gmt":"2025-06-24T01:28:13","slug":"lundin-gold-reafirma-su-compromiso-con-le-equidad-de-genero-con-la-iv-edicion-del-conversatorio-mujer-e-industria-minera","status":"publish","type":"post","link":"https:\/\/infozamoraec.com\/index.php\/2025\/06\/24\/lundin-gold-reafirma-su-compromiso-con-le-equidad-de-genero-con-la-iv-edicion-del-conversatorio-mujer-e-industria-minera\/","title":{"rendered":"Lundin Gold reafirma su compromiso con le equidad de g\u00e9nero con la IV edici\u00f3n\u00a0 del conversatorio \u201cMujer e Industria Minera\u201d\u00a0"},"content":{"rendered":"<p><b> <\/b><span style=\"font-weight: 400;\">Con una visi\u00f3n clara sobre la necesidad de consolidar una industria inclusiva y diversa en Ecuador, Lundin Gold, empresa canadiense operadora de la mina subterr\u00e1nea a gran\u00a0 escala Fruta del Norte (FDN), celebr\u00f3 el D\u00eda Internacional de la Mujer Minera en Guayaquil a trav\u00e9s de la IV edici\u00f3n del conversatorio \u201cMujeres e Industria Minera: historias que transforman generaciones\u201d.\u00a0<\/span><\/p>\n<p><span style=\"font-weight: 400;\">Este evento, que se ha posicionado como un referente en la promoci\u00f3n de la equidad de g\u00e9nero en el\u00a0 sector minero, se realiz\u00f3 en conjunto con la Escuela Superior Polit\u00e9cnica del Litoral (ESPOL). Esta alianza refleja la visi\u00f3n de Lundin Gold de articular esfuerzos con actores estrat\u00e9gicos que comparten los mismos\u00a0 valores para potenciar el talento femenino y derribar estereotipos de g\u00e9nero.\u00a0<\/span><\/p>\n<p><span style=\"font-weight: 400;\">Mediante una charla magistral y dos paneles de di\u00e1logo: \u201cEvoluci\u00f3n de la inclusi\u00f3n femenina en la miner\u00eda\u201d\u00a0 y el \u201cEl poder de las oportunidades, historias que transforman futuro\u00bb; varias mujeres de la provincia de\u00a0 Zamora Chinchipe compartieron su testimonio sobre c\u00f3mo, a trav\u00e9s de programas de formaci\u00f3n, mentor\u00eda\u00a0 y proyectos comunitarios, han fortalecido sus habilidades, su autonom\u00eda, liderazgo y visi\u00f3n.\u00a0<\/span><\/p>\n<p><span style=\"font-weight: 400;\">Julio Mart\u00ednez, Ministro del Trabajo (subrogante), destac\u00f3 el papel del sector privado en la promoci\u00f3n de\u00a0 pol\u00edticas laborales inclusivas. Asimismo, representantes de la academia, el cuerpo diplom\u00e1tico y el sector\u00a0 empresarial, se dieron cita en el encuentro.\u00a0\u00a0<\/span><\/p>\n<p><b>Una d\u00e9cada de transformaci\u00f3n\u00a0<\/b><\/p>\n<p><i><span style=\"font-weight: 400;\">\u201cEn Lundin Gold impulsamos espacios que dan voz a historias de desarrollo y liderazgo femenino convencidos de que debemos eliminar exclusiones hist\u00f3ricas que han limitado el acceso y el crecimiento de\u00a0 las mujeres en este sector. La diversidad es un camino hacia una industria m\u00e1s \u00e9tica, eficiente, innovadora\u00a0 y con prop\u00f3sito\u201d afirm\u00f3<\/span><\/i><span style=\"font-weight: 400;\">, Juan Jos\u00e9 Herrera, director de Sostenibilidad de Negocios de Lundin Gold.\u00a0<\/span><\/p>\n<p><span style=\"font-weight: 400;\">Durante su primera d\u00e9cada en Ecuador, la Compa\u00f1\u00eda ha logrado avances significativos gracias a la\u00a0 implementaci\u00f3n de su Estrategia de Diversidad, Equidad e Inclusi\u00f3n la cual se encuentra integrada a su Estrategia de Sostenibilidad. En 2015, la fuerza laboral femenina era del 16% mientras que, en la\u00a0 actualidad, \u00e9sta representa cerca del 19% del total de colaboradores. El <\/span><span style=\"font-weight: 400;\">44% de los integrantes de la Junta<\/span><span style=\"font-weight: 400;\">\u00a0 <\/span><span style=\"font-weight: 400;\">Directiva son mujeres <\/span><span style=\"font-weight: 400;\">y m\u00e1s de 350 mujeres trabajan en diversos niveles organizacionales: <\/span><span style=\"font-weight: 400;\">28% de las<\/span><span style=\"font-weight: 400;\">\u00a0 <\/span><span style=\"font-weight: 400;\">posiciones gerenciales de Lundin Gold est\u00e1n ocupadas por mujeres y 52% del personal femenino se<\/span><span style=\"font-weight: 400;\">\u00a0 <\/span><span style=\"font-weight: 400;\">desempe\u00f1a en \u00e1reas operativas y de soporte t\u00e9cnico, roles que exigen un alto nivel de especializaci\u00f3n y <\/span><span style=\"font-weight: 400;\">\u00a0<\/span><span style=\"font-weight: 400;\">formaci\u00f3n t\u00e9cni<\/span><span style=\"font-weight: 400;\">ca.\u00a0<\/span><\/p>\n<p><b>Protagonistas del cambio\u00a0<\/b><\/p>\n<ul>\n<li><b>Esther Pindo, operadora de maquinaria pesada: <\/b><span style=\"font-weight: 400;\">\u201c<\/span><i><span style=\"font-weight: 400;\">Pas\u00e9 de no conocer nada sobre miner\u00eda a<\/span><\/i><i> <\/i><i><span style=\"font-weight: 400;\">convertirme en operadora de Scoop. Esta oportunidad me ha dado orgullo, independencia y<\/span><\/i><i> <\/i><i><span style=\"font-weight: 400;\">confianza<\/span><\/i><span style=\"font-weight: 400;\">.\u201d<\/span>\n<ul>\n<li><b>\u00c9rica Villac\u00eds, ge\u00f3loga junior: <\/b><span style=\"font-weight: 400;\">\u201c<\/span><i><span style=\"font-weight: 400;\">Mi conexi\u00f3n con la miner\u00eda parte de mi v\u00ednculo con el lugar en el <\/span><\/i><i><\/i><i><span style=\"font-weight: 400;\">que nac\u00ed. Muchos sabemos que la tierra tiene valor, pero pocos entienden por qu\u00e9. En Fruta del <\/span><\/i><i><\/i><i><span style=\"font-weight: 400;\">Norte he aprendido que la miner\u00eda responsable y sostenible es posible<\/span><\/i><span style=\"font-weight: 400;\">.\u201d\u00a0<\/span><\/li>\n<li><b>Kiara L\u00f3pez, coordinadora de Responsabilidad Social y Comunidades: <\/b><span style=\"font-weight: 400;\">\u201c<\/span><i><span style=\"font-weight: 400;\">Particip\u00e9 en el Programa\u00a0 de Acceso a la Universidad impulsado por Lundin Gold y Junior Achievement. Tras cuatro a\u00f1os y\u00a0 medio de estudios, obtuve mi t\u00edtulo. Mi mejor decisi\u00f3n fue regresar a Los Encuentros y convertirme\u00a0 en un actor clave del desarrollo local.<\/span><\/i><span style=\"font-weight: 400;\">\u201d\u00a0<\/span><\/li>\n<li><b>Maritza Macas, gerente de la empresa textil OSBRA: <\/b><span style=\"font-weight: 400;\">\u201c<\/span><i><span style=\"font-weight: 400;\">Gracias al apoyo de Fundaci\u00f3n Lundin y\u00a0 Lundin Gold pusimos en marcha nuestro negocio. Me llena de orgullo saber que los uniformes que\u00a0 usan los colaboradores de la empresa minera son confeccionados por manos amaz\u00f3nicas.<\/span><\/i><span style=\"font-weight: 400;\">\u201d\u00a0<\/span><\/li>\n<li><b>Anabell Salinas, supervisora de Responsabilidad Social y Comunidades: <\/b><span style=\"font-weight: 400;\">\u201c<\/span><i><span style=\"font-weight: 400;\">La miner\u00eda responsable representa oportunidades reales, esperanza y empleo digno. Es una oportunidad de crecer en una\u00a0 industria que valora a las personas y act\u00faa con respeto hacia las comunidades y el entorno.\u201d\u00a0<\/span><\/i><\/li>\n<\/ul>\n<\/li>\n<li><span style=\"font-weight: 400;\">Lundin Gold tiene como objetivo que cada vez m\u00e1s ni\u00f1as y j\u00f3venes en Ecuador encuentren en la miner\u00eda oportunidades de crecimiento. Las mujeres que actualmente conforman la Compa\u00f1\u00eda o que son\u00a0 beneficiarias de sus proyectos de inversi\u00f3n comunitaria abren este camino con su ejemplo.\u00a0<\/span>\n<p>&nbsp;<\/li>\n<\/ul>\n","protected":false},"excerpt":{"rendered":"<p>Con una visi\u00f3n clara sobre la necesidad de consolidar una industria inclusiva y diversa en Ecuador, Lundin Gold, empresa canadiense operadora de la mina subterr\u00e1nea a gran\u00a0 escala Fruta del Norte (FDN), celebr\u00f3 el D\u00eda Internacional de la Mujer Minera en Guayaquil a trav\u00e9s de la IV edici\u00f3n del conversatorio \u201cMujeres e Industria Minera: historias [&hellip;]<\/p>\n","protected":false},"author":1,"featured_media":13184,"comment_status":"open","ping_status":"open","sticky":false,"template":"","format":"standard","meta":{"footnotes":""},"categories":[9],"tags":[],"_links":{"self":[{"href":"https:\/\/infozamoraec.com\/index.php\/wp-json\/wp\/v2\/posts\/13183"}],"collection":[{"href":"https:\/\/infozamoraec.com\/index.php\/wp-json\/wp\/v2\/posts"}],"about":[{"href":"https:\/\/infozamoraec.com\/index.php\/wp-json\/wp\/v2\/types\/post"}],"author":[{"embeddable":true,"href":"https:\/\/infozamoraec.com\/index.php\/wp-json\/wp\/v2\/users\/1"}],"replies":[{"embeddable":true,"href":"https:\/\/infozamoraec.com\/index.php\/wp-json\/wp\/v2\/comments?post=13183"}],"version-history":[{"count":1,"href":"https:\/\/infozamoraec.com\/index.php\/wp-json\/wp\/v2\/posts\/13183\/revisions"}],"predecessor-version":[{"id":13185,"href":"https:\/\/infozamoraec.com\/index.php\/wp-json\/wp\/v2\/posts\/13183\/revisions\/13185"}],"wp:featuredmedia":[{"embeddable":true,"href":"https:\/\/infozamoraec.com\/index.php\/wp-json\/wp\/v2\/media\/13184"}],"wp:attachment":[{"href":"https:\/\/infozamoraec.com\/index.php\/wp-json\/wp\/v2\/media?parent=13183"}],"wp:term":[{"taxonomy":"category","embeddable":true,"href":"https:\/\/infozamoraec.com\/index.php\/wp-json\/wp\/v2\/categories?post=13183"},{"taxonomy":"post_tag","embeddable":true,"href":"https:\/\/infozamoraec.com\/index.php\/wp-json\/wp\/v2\/tags?post=13183"}],"curies":[{"name":"wp","href":"https:\/\/api.w.org\/{rel}","templated":true}]}}