{"id":13171,"date":"2025-06-21T14:43:14","date_gmt":"2025-06-21T14:43:14","guid":{"rendered":"https:\/\/infozamoraec.com\/?p=13171"},"modified":"2025-06-21T14:43:14","modified_gmt":"2025-06-21T14:43:14","slug":"prefectura-de-zamora-chinchipe-rinde-cuentas-y-destaca-mas-de-52-millones-en-gestion-para-el-desarrollo-provincial","status":"publish","type":"post","link":"https:\/\/infozamoraec.com\/index.php\/2025\/06\/21\/prefectura-de-zamora-chinchipe-rinde-cuentas-y-destaca-mas-de-52-millones-en-gestion-para-el-desarrollo-provincial\/","title":{"rendered":"Prefectura de Zamora Chinchipe rinde cuentas y destaca m\u00e1s de $52 millones en gesti\u00f3n para el desarrollo provincial"},"content":{"rendered":"<p data-start=\"121\" data-end=\"526\">Desde el barrio San Ram\u00f3n, en el cant\u00f3n Nangaritza, la prefecta Karla Re\u00e1tegui present\u00f3 su informe de rendici\u00f3n de cuentas correspondiente al a\u00f1o 2024, con motivo de su segundo a\u00f1o de gesti\u00f3n al frente del Gobierno Provincial de Zamora Chinchipe. El evento, que coincidi\u00f3 con la llegada del asfaltado a este sector, simboliz\u00f3 el avance concreto de obras que impulsan el desarrollo econ\u00f3mico y territorial.<\/p>\n<p data-start=\"528\" data-end=\"1010\">Durante su intervenci\u00f3n, Re\u00e1tegui destac\u00f3 que en este per\u00edodo se gestionaron <strong data-start=\"605\" data-end=\"643\">m\u00e1s de 52 millones 916 mil d\u00f3lares<\/strong>, de los cuales <strong data-start=\"659\" data-end=\"682\">43 millones 935 mil<\/strong> corresponden a recursos <strong data-start=\"707\" data-end=\"727\">no reembolsables<\/strong>, canalizados mediante cooperaci\u00f3n nacional e internacional. \u201cEsta administraci\u00f3n es de puertas abiertas, con esp\u00edritu de trabajo y responsabilidad. Hoy la coordinaci\u00f3n entre alcaldes, presidentes parroquiales y la Prefectura es una realidad hist\u00f3rica para Zamora Chinchipe\u201d, se\u00f1al\u00f3.<\/p>\n<p data-start=\"1012\" data-end=\"1364\">Entre los principales logros, se destac\u00f3 la ejecuci\u00f3n de <strong data-start=\"1069\" data-end=\"1099\">42 kil\u00f3metros de asfaltado<\/strong>, que supera ampliamente el promedio de administraciones anteriores. Las v\u00edas intervenidas incluyen tramos como San Francisco en El Pangui, Muchime\u201328 de Mayo en Yacuambi, Paquisha\u2013Nuevo Quito\u2013Conguime, la Av. Amazonas en Chinchipe y Muchime\u2013Mercadillo en Yantzaza.<\/p>\n<p data-start=\"1366\" data-end=\"1706\">En inclusi\u00f3n social, se consolidaron cinco nuevos proyectos, entre ellos: el programa \u201cSan Francisco\u201d para personas con discapacidad, un centro de equinoterapia en Zumba, el Centro Gerontol\u00f3gico en Palanda, y los centros Bel\u00e9n y Violeta. Estas iniciativas han beneficiado a <strong data-start=\"1640\" data-end=\"1658\">9.681 personas<\/strong>, con una inversi\u00f3n cercana a <strong data-start=\"1688\" data-end=\"1705\">$1,6 millones<\/strong>.<\/p>\n<p data-start=\"1708\" data-end=\"2021\">En vialidad, se aperturaron <strong data-start=\"1736\" data-end=\"1763\">71,37 km de nuevas v\u00edas<\/strong> y se realiz\u00f3 el mantenimiento de <strong data-start=\"1797\" data-end=\"1812\">1.626,86 km<\/strong>. En infraestructura, se entregaron tres puentes (Chito-Juntas, Washikiat y Laureles), mientras otros nueve se encuentran en construcci\u00f3n, y <strong data-start=\"1953\" data-end=\"1974\">m\u00e1s de 70 puentes<\/strong> vehiculares y peatonales han sido restaurados.<\/p>\n<p data-start=\"2023\" data-end=\"2227\">En el \u00e1mbito educativo, se construyen bloques de aulas en tres instituciones de Nangaritza, Zumbi y Panguintza, con una inversi\u00f3n de <strong data-start=\"2156\" data-end=\"2168\">$339.000<\/strong>, adem\u00e1s de la entrega de cinco nuevas cubiertas escolares.<\/p>\n<p data-start=\"2229\" data-end=\"2542\">En el \u00e1rea productiva, se mejoraron <strong data-start=\"2265\" data-end=\"2291\">m\u00e1s de 3.655 hect\u00e1reas<\/strong> de terreno mediante obras de drenaje y apoyo directo a <strong data-start=\"2347\" data-end=\"2369\">15.000 productores<\/strong> con asistencia t\u00e9cnica, invernaderos, insumos, inseminaci\u00f3n artificial y fortalecimiento de cultivos como cacao ancestral, guan\u00e1bana, pitahaya, vainilla y animales menores.<\/p>\n<p data-start=\"2544\" data-end=\"2781\">Desde el eje ambiental, la provincia fue reconocida con el primer <strong data-start=\"2610\" data-end=\"2626\">Premio Verde<\/strong> por el plan \u201cSembrando Vida\u201d, adem\u00e1s de la producci\u00f3n de <strong data-start=\"2684\" data-end=\"2702\">60.000 plantas<\/strong> y la siembra de <strong data-start=\"2719\" data-end=\"2743\">72 hect\u00e1reas de caf\u00e9<\/strong>, beneficiando a <strong data-start=\"2760\" data-end=\"2780\">135 caficultores<\/strong>.<\/p>\n<p data-start=\"2783\" data-end=\"2977\">En cooperaci\u00f3n internacional, se conform\u00f3 la primera mesa provincial con <strong data-start=\"2856\" data-end=\"2883\">26 aliados estrat\u00e9gicos<\/strong>, y se ejecutan <strong data-start=\"2899\" data-end=\"2915\">11 proyectos<\/strong>, con participaci\u00f3n activa en cumbres y foros internacionales.<\/p>\n<p data-start=\"2979\" data-end=\"3322\">Finalmente, el viceprefecto V\u00edctor Sarango tambi\u00e9n present\u00f3 su informe, centrado en los ejes de administraci\u00f3n, legislaci\u00f3n y encargos, con \u00e9nfasis en 12 sesiones ordinarias, 4 extraordinarias y otras funciones asignadas por ley. Recalc\u00f3 la importancia del trabajo en unidad junto a la Prefecta para seguir fortaleciendo la gesti\u00f3n provincial.<\/p>\n<p data-start=\"3324\" data-end=\"3487\" data-is-last-node=\"\" data-is-only-node=\"\">La rendici\u00f3n de cuentas reafirma el compromiso de la Prefectura con la transparencia, el desarrollo integral y la participaci\u00f3n ciudadana en la toma de decisiones.<\/p>\n","protected":false},"excerpt":{"rendered":"<p>Desde el barrio San Ram\u00f3n, en el cant\u00f3n Nangaritza, la prefecta Karla Re\u00e1tegui present\u00f3 su informe de rendici\u00f3n de cuentas correspondiente al a\u00f1o 2024, con motivo de su segundo a\u00f1o de gesti\u00f3n al frente del Gobierno Provincial de Zamora Chinchipe. El evento, que coincidi\u00f3 con la llegada del asfaltado a este sector, simboliz\u00f3 el avance [&hellip;]<\/p>\n","protected":false},"author":1,"featured_media":13172,"comment_status":"open","ping_status":"open","sticky":false,"template":"","format":"standard","meta":{"footnotes":""},"categories":[9],"tags":[],"_links":{"self":[{"href":"https:\/\/infozamoraec.com\/index.php\/wp-json\/wp\/v2\/posts\/13171"}],"collection":[{"href":"https:\/\/infozamoraec.com\/index.php\/wp-json\/wp\/v2\/posts"}],"about":[{"href":"https:\/\/infozamoraec.com\/index.php\/wp-json\/wp\/v2\/types\/post"}],"author":[{"embeddable":true,"href":"https:\/\/infozamoraec.com\/index.php\/wp-json\/wp\/v2\/users\/1"}],"replies":[{"embeddable":true,"href":"https:\/\/infozamoraec.com\/index.php\/wp-json\/wp\/v2\/comments?post=13171"}],"version-history":[{"count":1,"href":"https:\/\/infozamoraec.com\/index.php\/wp-json\/wp\/v2\/posts\/13171\/revisions"}],"predecessor-version":[{"id":13173,"href":"https:\/\/infozamoraec.com\/index.php\/wp-json\/wp\/v2\/posts\/13171\/revisions\/13173"}],"wp:featuredmedia":[{"embeddable":true,"href":"https:\/\/infozamoraec.com\/index.php\/wp-json\/wp\/v2\/media\/13172"}],"wp:attachment":[{"href":"https:\/\/infozamoraec.com\/index.php\/wp-json\/wp\/v2\/media?parent=13171"}],"wp:term":[{"taxonomy":"category","embeddable":true,"href":"https:\/\/infozamoraec.com\/index.php\/wp-json\/wp\/v2\/categories?post=13171"},{"taxonomy":"post_tag","embeddable":true,"href":"https:\/\/infozamoraec.com\/index.php\/wp-json\/wp\/v2\/tags?post=13171"}],"curies":[{"name":"wp","href":"https:\/\/api.w.org\/{rel}","templated":true}]}}