{"id":13166,"date":"2025-06-21T04:21:57","date_gmt":"2025-06-21T04:21:57","guid":{"rendered":"https:\/\/infozamoraec.com\/?p=13166"},"modified":"2025-06-21T04:21:57","modified_gmt":"2025-06-21T04:21:57","slug":"violento-crimen-en-el-pangui-ciudadano-pierde-la-vida-tras-recibir-multiples-impactos-de-bala","status":"publish","type":"post","link":"https:\/\/infozamoraec.com\/index.php\/2025\/06\/21\/violento-crimen-en-el-pangui-ciudadano-pierde-la-vida-tras-recibir-multiples-impactos-de-bala\/","title":{"rendered":"Violento crimen en El Pangui: ciudadano pierde la vida tras recibir m\u00faltiples impactos de bala"},"content":{"rendered":"<p data-start=\"100\" data-end=\"360\">Una nueva alerta de violencia conmocion\u00f3 a la ciudadan\u00eda la noche del viernes 20 de junio, cuando se report\u00f3 el hallazgo de un hombre con aparentes heridas de arma de fuego en el barrio San Ignacio de Loyola, cant\u00f3n El Pangui.<\/p>\n<p data-start=\"362\" data-end=\"674\">Ante la emergencia, \u00a0personal del <strong data-start=\"428\" data-end=\"463\">Cuerpo de Bomberos de El Pangui<\/strong> acudi\u00f3 de inmediato al sitio en coordinaci\u00f3n con <strong data-start=\"517\" data-end=\"563\">la Polic\u00eda Nacional que proteg\u00eda la escena<\/strong>. Al arribar, los param\u00e9dicos encontraron a la v\u00edctima tendida en posici\u00f3n dec\u00fabito supino, sin signos vitales.<\/p>\n<p data-start=\"676\" data-end=\"879\">El ciudadano, identificado con las iniciales <strong data-start=\"721\" data-end=\"730\">K.A.B<\/strong>, presentaba <strong data-start=\"743\" data-end=\"812\">m\u00faltiples impactos de proyectil en diferentes partes de su cuerpo<\/strong>, lo que confirmar\u00eda su deceso inmediato en el lugar de los hechos.<\/p>\n<p data-start=\"881\" data-end=\"1088\">La escena fue acordonada y qued\u00f3 bajo <strong data-start=\"919\" data-end=\"954\">custodia de la Polic\u00eda Nacional<\/strong>, que inici\u00f3 los procedimientos legales y pericias correspondientes para esclarecer los m\u00f3viles del crimen y dar con los responsables.<\/p>\n<p data-start=\"1090\" data-end=\"1353\" data-is-last-node=\"\" data-is-only-node=\"\">Este hecho se suma a los recientes actos de violencia registrados en la provincia, lo que ha generado preocupaci\u00f3n entre los habitantes.<\/p>\n<p data-start=\"1090\" data-end=\"1353\" data-is-last-node=\"\" data-is-only-node=\"\">Aun no hay un pronunciamiento oficial de las\u00a0 autoridades.<\/p>\n","protected":false},"excerpt":{"rendered":"<p>Una nueva alerta de violencia conmocion\u00f3 a la ciudadan\u00eda la noche del viernes 20 de junio, cuando se report\u00f3 el hallazgo de un hombre con aparentes heridas de arma de fuego en el barrio San Ignacio de Loyola, cant\u00f3n El Pangui. Ante la emergencia, \u00a0personal del Cuerpo de Bomberos de El Pangui acudi\u00f3 de inmediato [&hellip;]<\/p>\n","protected":false},"author":1,"featured_media":13167,"comment_status":"open","ping_status":"open","sticky":false,"template":"","format":"standard","meta":{"footnotes":""},"categories":[9],"tags":[],"_links":{"self":[{"href":"https:\/\/infozamoraec.com\/index.php\/wp-json\/wp\/v2\/posts\/13166"}],"collection":[{"href":"https:\/\/infozamoraec.com\/index.php\/wp-json\/wp\/v2\/posts"}],"about":[{"href":"https:\/\/infozamoraec.com\/index.php\/wp-json\/wp\/v2\/types\/post"}],"author":[{"embeddable":true,"href":"https:\/\/infozamoraec.com\/index.php\/wp-json\/wp\/v2\/users\/1"}],"replies":[{"embeddable":true,"href":"https:\/\/infozamoraec.com\/index.php\/wp-json\/wp\/v2\/comments?post=13166"}],"version-history":[{"count":2,"href":"https:\/\/infozamoraec.com\/index.php\/wp-json\/wp\/v2\/posts\/13166\/revisions"}],"predecessor-version":[{"id":13169,"href":"https:\/\/infozamoraec.com\/index.php\/wp-json\/wp\/v2\/posts\/13166\/revisions\/13169"}],"wp:featuredmedia":[{"embeddable":true,"href":"https:\/\/infozamoraec.com\/index.php\/wp-json\/wp\/v2\/media\/13167"}],"wp:attachment":[{"href":"https:\/\/infozamoraec.com\/index.php\/wp-json\/wp\/v2\/media?parent=13166"}],"wp:term":[{"taxonomy":"category","embeddable":true,"href":"https:\/\/infozamoraec.com\/index.php\/wp-json\/wp\/v2\/categories?post=13166"},{"taxonomy":"post_tag","embeddable":true,"href":"https:\/\/infozamoraec.com\/index.php\/wp-json\/wp\/v2\/tags?post=13166"}],"curies":[{"name":"wp","href":"https:\/\/api.w.org\/{rel}","templated":true}]}}