{"id":13163,"date":"2025-06-21T04:15:49","date_gmt":"2025-06-21T04:15:49","guid":{"rendered":"https:\/\/infozamoraec.com\/?p=13163"},"modified":"2025-06-21T04:23:17","modified_gmt":"2025-06-21T04:23:17","slug":"policia-nacional-aprehende-a-ciudadano-en-yantzaza-por-presunto-trafico-de-drogas-tras-alerta-de-supuesto-secuestro","status":"publish","type":"post","link":"https:\/\/infozamoraec.com\/index.php\/2025\/06\/21\/policia-nacional-aprehende-a-ciudadano-en-yantzaza-por-presunto-trafico-de-drogas-tras-alerta-de-supuesto-secuestro\/","title":{"rendered":"Polic\u00eda Nacional aprehende a ciudadano en Yantzaza por presunto tr\u00e1fico de drogas tras alerta de supuesto secuestro"},"content":{"rendered":"<p data-start=\"121\" data-end=\"434\">La Polic\u00eda Nacional del Ecuador, a trav\u00e9s del personal operativo del Subcircuito Yantzaza, logr\u00f3 la <strong data-start=\"252\" data-end=\"342\">aprehensi\u00f3n de un ciudadano por presunto tr\u00e1fico de sustancias sujetas a fiscalizaci\u00f3n<\/strong>, tras una alerta de posible secuestro reportada al ECU-911 la tarde del viernes 20 de junio.<\/p>\n<p data-start=\"436\" data-end=\"781\">Los hechos se desarrollaron alrededor de las 18h00 en el sector de la <strong data-start=\"506\" data-end=\"532\">Av. Ca\u00f1ar y Romerillos<\/strong>, cuando unidades policiales se movilizaron hacia una gasolinera local, en atenci\u00f3n a una denuncia\u00a0 ciudadana, que alert\u00f3 sobre la supuesta retenci\u00f3n forzada de su esposo y su cu\u00f1ado menor de edad.<\/p>\n<p data-start=\"783\" data-end=\"1333\">Mientras los agentes recababan la informaci\u00f3n, observaron a un ciudadano que se acerc\u00f3 a la motocicleta involucrada en la denuncia, intentando retirarla del sitio. Al ser interceptado por los uniformados e identificado como <strong data-start=\"1007\" data-end=\"1043\">Cristhian Leonel C M<\/strong>, el sujeto manifest\u00f3 que hab\u00eda sido enviado a retirar el veh\u00edculo.<\/p>\n<p data-start=\"783\" data-end=\"1333\">Durante el procedimiento se le realiz\u00f3 un registro corporal, encontr\u00e1ndose en su poder <strong data-start=\"1198\" data-end=\"1244\">14 fundas pl\u00e1sticas con presunta marihuana<\/strong> y otras <strong data-start=\"1253\" data-end=\"1287\">14 fundas con presunta coca\u00edna<\/strong>, todas ellas con el empaque\u00a0 distintivo \u201cbolo casero\u201d.<\/p>\n<p data-start=\"1335\" data-end=\"1380\">Adem\u00e1s, como parte de los indicios se retuvo:<\/p>\n<ul data-start=\"1381\" data-end=\"1513\">\n<li data-start=\"1381\" data-end=\"1442\">\n<p data-start=\"1383\" data-end=\"1442\"><strong data-start=\"1383\" data-end=\"1402\">Una motocicleta<\/strong> Bajaj Discover 125.<\/p>\n<\/li>\n<li data-start=\"1443\" data-end=\"1513\">\n<p data-start=\"1445\" data-end=\"1513\"><strong data-start=\"1445\" data-end=\"1468\">Un tel\u00e9fono celular<\/strong> marca Infinix, modelo Smart 8, color dorado.<\/p>\n<\/li>\n<\/ul>\n<p data-start=\"1515\" data-end=\"1803\">El aprehendido, de nacionalidad ecuatoriana y sin antecedentes penales,\u00a0 trasladado al Hospital B\u00e1sico de Yantzaza para la respectiva valoraci\u00f3n m\u00e9dica y posteriormente fue puesto a \u00f3rdenes de las autoridades\u00a0 competentes .<\/p>\n","protected":false},"excerpt":{"rendered":"<p>La Polic\u00eda Nacional del Ecuador, a trav\u00e9s del personal operativo del Subcircuito Yantzaza, logr\u00f3 la aprehensi\u00f3n de un ciudadano por presunto tr\u00e1fico de sustancias sujetas a fiscalizaci\u00f3n, tras una alerta de posible secuestro reportada al ECU-911 la tarde del viernes 20 de junio. Los hechos se desarrollaron alrededor de las 18h00 en el sector de [&hellip;]<\/p>\n","protected":false},"author":1,"featured_media":13164,"comment_status":"open","ping_status":"open","sticky":false,"template":"","format":"standard","meta":{"footnotes":""},"categories":[9],"tags":[],"_links":{"self":[{"href":"https:\/\/infozamoraec.com\/index.php\/wp-json\/wp\/v2\/posts\/13163"}],"collection":[{"href":"https:\/\/infozamoraec.com\/index.php\/wp-json\/wp\/v2\/posts"}],"about":[{"href":"https:\/\/infozamoraec.com\/index.php\/wp-json\/wp\/v2\/types\/post"}],"author":[{"embeddable":true,"href":"https:\/\/infozamoraec.com\/index.php\/wp-json\/wp\/v2\/users\/1"}],"replies":[{"embeddable":true,"href":"https:\/\/infozamoraec.com\/index.php\/wp-json\/wp\/v2\/comments?post=13163"}],"version-history":[{"count":2,"href":"https:\/\/infozamoraec.com\/index.php\/wp-json\/wp\/v2\/posts\/13163\/revisions"}],"predecessor-version":[{"id":13170,"href":"https:\/\/infozamoraec.com\/index.php\/wp-json\/wp\/v2\/posts\/13163\/revisions\/13170"}],"wp:featuredmedia":[{"embeddable":true,"href":"https:\/\/infozamoraec.com\/index.php\/wp-json\/wp\/v2\/media\/13164"}],"wp:attachment":[{"href":"https:\/\/infozamoraec.com\/index.php\/wp-json\/wp\/v2\/media?parent=13163"}],"wp:term":[{"taxonomy":"category","embeddable":true,"href":"https:\/\/infozamoraec.com\/index.php\/wp-json\/wp\/v2\/categories?post=13163"},{"taxonomy":"post_tag","embeddable":true,"href":"https:\/\/infozamoraec.com\/index.php\/wp-json\/wp\/v2\/tags?post=13163"}],"curies":[{"name":"wp","href":"https:\/\/api.w.org\/{rel}","templated":true}]}}