{"id":13160,"date":"2025-06-21T04:09:06","date_gmt":"2025-06-21T04:09:06","guid":{"rendered":"https:\/\/infozamoraec.com\/?p=13160"},"modified":"2025-06-21T04:09:06","modified_gmt":"2025-06-21T04:09:06","slug":"cpccs-reforma-el-reglamento-para-elegir-fiscal-general","status":"publish","type":"post","link":"https:\/\/infozamoraec.com\/index.php\/2025\/06\/21\/cpccs-reforma-el-reglamento-para-elegir-fiscal-general\/","title":{"rendered":"CPCCS reforma el reglamento para elegir fiscal general"},"content":{"rendered":"<p>Para participar en el concurso p\u00fablico para elegir a la primera autoridad de la Fiscal\u00eda General del Estado no ser\u00e1 una prohibici\u00f3n haber defendido a personas procesadas por 36 tipos de delitos penales.<\/p>\n<p>Con cinco votos a favor y dos abstenciones, el pleno del Consejo de Participaci\u00f3n Ciudadana y Control Social (CPCCS) aprob\u00f3, este 20 de junio de 2025, una reforma de siete art\u00edculos al reglamento para la elecci\u00f3n del titular de la Fiscal\u00eda General, (vigente desde septiembre de 2024) que se hace a trav\u00e9s de un concurso de m\u00e9ritos, oposici\u00f3n e impugnaci\u00f3n, que est\u00e1 a cargo de una comisi\u00f3n ciudadana de diez personas.<\/p>\n<p>Por la reforma parcial votaron a favor: Andr\u00e9s Fantoni, Johanna Verdezoto, Jazm\u00edn Enr\u00edquez, David Rosero, Piedad Cuar\u00e1n.<\/p>\n<p>Los consejeros, Nicole Bonifaz y Gonzalo Alb\u00e1n, se abstuvieron.<\/p>\n<p>La reforma se produce despu\u00e9s de que el reglamento estuvo vigente por nueve meses y, en un contexto en el que el presidente del Consejo, Andr\u00e9s Fantoni, no ha dado cumplimiento con un ofrecimiento de integrar la comisi\u00f3n ciudadana en 30 d\u00edas.<\/p>\n<p>Seg\u00fan declar\u00f3 este viernes, aparentemente, el gobierno de Daniel Noboa, habr\u00eda asignado recursos para arrancar con la formaci\u00f3n de la comisi\u00f3n. No dijo cu\u00e1nto.<\/p>\n<p>Habitualmente, conformar una comisi\u00f3n ciudadana, que es la encargada de desarrollar el concurso, toma entre cuatro o seis meses; pero, luego de que la exfiscal, Diana Salazar M\u00e9ndez, renunci\u00f3 el 20 de mayo y su reemplazo no estaba electo, Fantoni aseguraba que en 30 d\u00edas estar\u00eda lista la comisi\u00f3n y, que a m\u00e1s tardar, a finales de este a\u00f1o o en febrero de 2026, estar\u00eda designada una nueva autoridad.<\/p>\n<p>A ra\u00edz de una propuesta de Pa\u00fal Oca\u00f1a, presidente del Foro Nacional de Abogados del Ecuador, se trat\u00f3 este cambio reglamentario de siete art\u00edculos, pues se consideraba que determinadas prohibiciones y puntajes a los m\u00e9ritos afectar\u00edan el derecho de participaci\u00f3n lo que provocar\u00eda demandas y reclamos con acciones de protecci\u00f3n.<\/p>\n<p>Sobre esa base, el CPCCS elimin\u00f3 el numeral 21 del art\u00edculo 22 del reglamento, que prohib\u00eda la participaci\u00f3n de abogados que hayan defendido o patrocinado a clientes procesados por 36 delitos tipificados en el C\u00f3digo Org\u00e1nico Integral Penal (COIP). Entre ellos, terrorismo, narcotr\u00e1fico, asesinato, delincuencia organizada y m\u00e1s.<\/p>\n<p>Al tiempo que elimin\u00f3 este art\u00edculo, incorpor\u00f3 un cambio al numeral 19 del art\u00edculo mencionado que proh\u00edbe postularse a las personas que est\u00e9n procesadas, es decir, llamadas a juicio por 47 delitos, adem\u00e1s de los delitos contra la administraci\u00f3n p\u00fablica, como los relacionados con corrupci\u00f3n y crimen organizado.<\/p>\n<p>El consejero Gonzalo Alb\u00e1n resalt\u00f3 la inclusi\u00f3n de la materia de derecho penal internacional como parte de los conocimientos sobre los que deber\u00edan estar preparados los postulantes.<\/p>\n<p>No obstante, cuestion\u00f3 que se mantenga como acci\u00f3n afirmativa dar un punto a quienes vivan en las Islas Gal\u00e1pagos o en sectores rurales porque, por ejemplo, se beneficia a ciudadanos que residen en Cumbay\u00e1 o Puembo, que son parroquias de alta plusval\u00eda ubicadas al nororiente de Quito.<\/p>\n<p>Adicionalmente, cuestion\u00f3 que se mantenga una disposici\u00f3n que establece que, en el caso de empate entre los postulantes, se har\u00e1 un sorteo p\u00fablico para escoger a la nueva autoridad.<\/p>\n<p>La consejera Nicole Bonifaz cuestion\u00f3 estas modificaciones y record\u00f3 que en septiembre de 2024, cuando se aprob\u00f3 la normativa por primera ocasi\u00f3n, advirti\u00f3 de las falencias, pero no se acogieron sus propuestas.<\/p>\n<p>Lo mismo habr\u00eda ocurrido en la discusi\u00f3n de este proyecto.<\/p>\n<p>Por el reglamento anterior, aprobado en septiembre del 2024, votaron a favor: Andr\u00e9s Fantoni, Jazm\u00edn Enr\u00edquez, Johanna Verdezoto; Augusto Verduga, Yadira Saltos, los dos destituidos por el Tribunal Contencioso Electoral; y Juan Guarderas, destituido por juicio pol\u00edtico en la Asamblea Nacional.<\/p>\n","protected":false},"excerpt":{"rendered":"<p>Para participar en el concurso p\u00fablico para elegir a la primera autoridad de la Fiscal\u00eda General del Estado no ser\u00e1 una prohibici\u00f3n haber defendido a personas procesadas por 36 tipos de delitos penales. Con cinco votos a favor y dos abstenciones, el pleno del Consejo de Participaci\u00f3n Ciudadana y Control Social (CPCCS) aprob\u00f3, este 20 [&hellip;]<\/p>\n","protected":false},"author":1,"featured_media":13161,"comment_status":"open","ping_status":"open","sticky":false,"template":"","format":"standard","meta":{"footnotes":""},"categories":[12],"tags":[],"_links":{"self":[{"href":"https:\/\/infozamoraec.com\/index.php\/wp-json\/wp\/v2\/posts\/13160"}],"collection":[{"href":"https:\/\/infozamoraec.com\/index.php\/wp-json\/wp\/v2\/posts"}],"about":[{"href":"https:\/\/infozamoraec.com\/index.php\/wp-json\/wp\/v2\/types\/post"}],"author":[{"embeddable":true,"href":"https:\/\/infozamoraec.com\/index.php\/wp-json\/wp\/v2\/users\/1"}],"replies":[{"embeddable":true,"href":"https:\/\/infozamoraec.com\/index.php\/wp-json\/wp\/v2\/comments?post=13160"}],"version-history":[{"count":1,"href":"https:\/\/infozamoraec.com\/index.php\/wp-json\/wp\/v2\/posts\/13160\/revisions"}],"predecessor-version":[{"id":13162,"href":"https:\/\/infozamoraec.com\/index.php\/wp-json\/wp\/v2\/posts\/13160\/revisions\/13162"}],"wp:featuredmedia":[{"embeddable":true,"href":"https:\/\/infozamoraec.com\/index.php\/wp-json\/wp\/v2\/media\/13161"}],"wp:attachment":[{"href":"https:\/\/infozamoraec.com\/index.php\/wp-json\/wp\/v2\/media?parent=13160"}],"wp:term":[{"taxonomy":"category","embeddable":true,"href":"https:\/\/infozamoraec.com\/index.php\/wp-json\/wp\/v2\/categories?post=13160"},{"taxonomy":"post_tag","embeddable":true,"href":"https:\/\/infozamoraec.com\/index.php\/wp-json\/wp\/v2\/tags?post=13160"}],"curies":[{"name":"wp","href":"https:\/\/api.w.org\/{rel}","templated":true}]}}