{"id":13157,"date":"2025-06-21T04:07:24","date_gmt":"2025-06-21T04:07:24","guid":{"rendered":"https:\/\/infozamoraec.com\/?p=13157"},"modified":"2025-06-21T04:07:24","modified_gmt":"2025-06-21T04:07:24","slug":"lo-invito-a-ecuador-para-que-me-lo-digas-en-persona-diana-jacome-responde-a-rafael-correa-tras-referencia-en-redes-sociales","status":"publish","type":"post","link":"https:\/\/infozamoraec.com\/index.php\/2025\/06\/21\/lo-invito-a-ecuador-para-que-me-lo-digas-en-persona-diana-jacome-responde-a-rafael-correa-tras-referencia-en-redes-sociales\/","title":{"rendered":"\u2018Lo invito a Ecuador para que me lo digas en persona\u2019, Diana J\u00e1come responde a Rafael Correa tras referencia en redes sociales"},"content":{"rendered":"<p>En las \u00faltimas horas se dio un cruce en redes sociales entre la asamble\u00edsta\u00a0<a href=\"https:\/\/www.eluniverso.com\/temas\/diana-jacome-silva\/\" target=\"_blank\" rel=\"noopener noreferrer nofollow\"><strong>Diana J\u00e1come<\/strong><\/a>\u00a0y el exmandatario\u00a0<a href=\"https:\/\/www.eluniverso.com\/temas\/rafael-correa\/\" target=\"_blank\" rel=\"noopener noreferrer nofollow\"><strong>Rafael Correa<\/strong><\/a>.<\/p>\n<p>El origen de las discrepancias fue la emisi\u00f3n de un comunicado de J\u00e1come el pasado 17 de junio, en el cual especificaba que la Comisi\u00f3n de Transparencia, Participaci\u00f3n Ciudadana y Control Social de la Asamblea ten\u00eda asignada de forma oficial y exclusiva la fiscalizaci\u00f3n del proceso contractual entre el Ministerio de Energ\u00eda y la empresa Progen.<\/p>\n<p>\u201cEsta no es una disputa de espacios, es una cuesti\u00f3n de legalidad y respeto institucional\u201d, a\u00f1adi\u00f3.<\/p>\n<p>Tras esto, el 19 de junio, la bancada ciudadana respondi\u00f3 que el asamble\u00edsta Lenin Barreto hab\u00eda solicitado el 11 de junio que se inicie el proceso de fiscalizaci\u00f3n de los contratos en la Comisi\u00f3n de Garant\u00edas Constitucionales.<\/p>\n<p>Adem\u00e1s reitera que la Comisi\u00f3n de Transparencia no tiene la competencia exclusiva para fiscalizar a esa empresa.El expresidente Rafael Correa cit\u00f3 el comunicado de la bancada y pregunt\u00f3 si alguien sab\u00eda qu\u00e9 hab\u00eda pasado con Diana J\u00e1come, quien hab\u00eda trabajado en su gobierno.<\/p>\n<p>\u201c\u00a1La transformaci\u00f3n es total! Y para mal&#8230;\u201c, a\u00f1adi\u00f3 y adjunt\u00f3 una captura de tuits de apoyo de J\u00e1come a \u00e9l.<\/p>\n<p>J\u00e1come le respondi\u00f3 al exmandatario y lo invit\u00f3 a Ecuador para que se lo diga en persona.<\/p>\n<p>\u201cTe encanta atacar mujeres, delincuente no soy, menos corrupta y pr\u00f3fuga\u201d, escribi\u00f3.<\/p>\n","protected":false},"excerpt":{"rendered":"<p>En las \u00faltimas horas se dio un cruce en redes sociales entre la asamble\u00edsta\u00a0Diana J\u00e1come\u00a0y el exmandatario\u00a0Rafael Correa. El origen de las discrepancias fue la emisi\u00f3n de un comunicado de J\u00e1come el pasado 17 de junio, en el cual especificaba que la Comisi\u00f3n de Transparencia, Participaci\u00f3n Ciudadana y Control Social de la Asamblea ten\u00eda asignada [&hellip;]<\/p>\n","protected":false},"author":1,"featured_media":13158,"comment_status":"open","ping_status":"open","sticky":false,"template":"","format":"standard","meta":{"footnotes":""},"categories":[12],"tags":[],"_links":{"self":[{"href":"https:\/\/infozamoraec.com\/index.php\/wp-json\/wp\/v2\/posts\/13157"}],"collection":[{"href":"https:\/\/infozamoraec.com\/index.php\/wp-json\/wp\/v2\/posts"}],"about":[{"href":"https:\/\/infozamoraec.com\/index.php\/wp-json\/wp\/v2\/types\/post"}],"author":[{"embeddable":true,"href":"https:\/\/infozamoraec.com\/index.php\/wp-json\/wp\/v2\/users\/1"}],"replies":[{"embeddable":true,"href":"https:\/\/infozamoraec.com\/index.php\/wp-json\/wp\/v2\/comments?post=13157"}],"version-history":[{"count":1,"href":"https:\/\/infozamoraec.com\/index.php\/wp-json\/wp\/v2\/posts\/13157\/revisions"}],"predecessor-version":[{"id":13159,"href":"https:\/\/infozamoraec.com\/index.php\/wp-json\/wp\/v2\/posts\/13157\/revisions\/13159"}],"wp:featuredmedia":[{"embeddable":true,"href":"https:\/\/infozamoraec.com\/index.php\/wp-json\/wp\/v2\/media\/13158"}],"wp:attachment":[{"href":"https:\/\/infozamoraec.com\/index.php\/wp-json\/wp\/v2\/media?parent=13157"}],"wp:term":[{"taxonomy":"category","embeddable":true,"href":"https:\/\/infozamoraec.com\/index.php\/wp-json\/wp\/v2\/categories?post=13157"},{"taxonomy":"post_tag","embeddable":true,"href":"https:\/\/infozamoraec.com\/index.php\/wp-json\/wp\/v2\/tags?post=13157"}],"curies":[{"name":"wp","href":"https:\/\/api.w.org\/{rel}","templated":true}]}}